{"id":43045,"date":"2026-03-16T18:09:32","date_gmt":"2026-03-16T21:09:32","guid":{"rendered":"https:\/\/e-kart.com.ar\/?p=43045"},"modified":"2026-03-16T18:09:33","modified_gmt":"2026-03-16T21:09:33","slug":"a-ibanez-empieza-a-meterse-en-la-pelea-por-el-podio","status":"publish","type":"post","link":"https:\/\/e-kart.com.ar\/?p=43045","title":{"rendered":"A.IB\u00c1\u00d1EZ: Empieza a meterse en la pelea por el podio"},"content":{"rendered":"<p class=\"has-medium-font-size\"><em>En Baradero, Adolfo Iba\u00f1ez firm\u00f3 una s\u00f3lida presentaci\u00f3n junto a RMC Buenos Aires. El piloto de San Miguel de Tucum\u00e1n se sostuvo entre los protagonistas de la Master Max, afianzando su evoluci\u00f3n en la divisional y completando la Final en el P6.<\/em><\/p>\n<p><img decoding=\"async\" src=\"https:\/\/www.e-kartvirtualpress.com.ar\/aibanez\/aibanez_260315ro.jpg\"><\/p>\n<p><strong><br \/>Baradero, Buenos Aires.<\/strong> El representante de San Miguel de Tucum\u00e1n, Adolfo Ib\u00e1\u00f1ez, fue parte del Evento #2 del Trofeo de Verano de RMC Buenos Aires disputado el pasado fin de semana en el kart\u00f3dromo \u201cRamiro Tot\u201d de Baradero. El tucumano compiti\u00f3 en la clase Master Max dentro de una nueva fecha del certamen, donde logr\u00f3 un desempe\u00f1o destacado desde su incorporaci\u00f3n a la categor\u00eda y a la divisional.<\/p>\n<p>La actividad del s\u00e1bado comenz\u00f3 con una muy buena clasificaci\u00f3n, donde Ib\u00e1\u00f1ez se qued\u00f3 con el 4\u00b0 registro, a escasas cent\u00e9simas de la pole position. Luego afront\u00f3 las mangas del d\u00eda, donde complet\u00f3 la primera en el P9 y la segunda en el P7, resultados que no reflejaron del todo el potencial que hab\u00eda mostrado su conjunto. <\/p>\n<p>Concluida la labor en pista del d\u00eda s\u00e1bado, el piloto tucumano comparti\u00f3 su an\u00e1lisis del rendimiento alcanzado: <strong><em>\u201cTuvimos un s\u00e1bado hermoso. Cada vez nos sentimos m\u00e1s c\u00f3modos con el auto. Tenemos un misil. Tal vez todav\u00eda me cuesta mantener el ritmo girando solo, pero logramos muy buenos tiempos. En la clasificaci\u00f3n terminamos 4\u00b0, pero est\u00e1bamos para quedarnos con el 2\u00b0 tiempo, por cent\u00e9simas. Lamentablemente, en la manga largamos en la segunda fila por afuera, nos empujaron y no logramos salir bien. Habla bien de nosotros tener tanta pelea, pero no todas las maniobras fueron limpias. El auto funciona excelente, necesitamos un poco m\u00e1s de suerte y tal vez largar de adentro\u201d.<\/em><\/strong><\/p>\n<p>El domingo continu\u00f3 con las instancias decisivas del evento. En la tercera manga finaliz\u00f3 en el P9 luego de verse nuevamente involucrado en incidentes en pista que condicionaron su resultado. En la Final logr\u00f3 capitalizar el potencial de su karting y se mantuvo dentro del lote de punta, completando la carrera en el P6 tras un intenso desarrollo. <\/p>\n<p><img decoding=\"async\" src=\"https:\/\/www.e-kartvirtualpress.com.ar\/aibanez\/aibanez_3_260315ro.jpg\"><\/p>\n<p>Al completar toda la actividad dominical, Ib\u00e1\u00f1ez expres\u00f3 su satisfacci\u00f3n por el desempe\u00f1o mostrado durante el fin de semana: <strong><em>\u201cTuvimos un excelente fin de semana. Todo fue positivo, excepto las mangas. Hice una buena clasificaci\u00f3n, por lo tanto, largu\u00e9 en segunda fila y por el lado de afuera en las mangas. En todas las mangas nos dejaron fuera de pista. En la tercera manga, despu\u00e9s de la largada, quedamos adelante, en el P3 o P4, pensamos que hab\u00edamos evitado lo peor, pero luego nos chocaron de atr\u00e1s y otra vez quedamos fuera de pista. En la Final volvimos a tener pelea y terminamos en el lote de adelante. Estoy muy contento por nuestro desempe\u00f1o, avanzamos un mont\u00f3n y tuvimos un gran ritmo, fuimos competitivos\u201d.<\/em><\/strong><\/p>\n<p>Al finalizar su participaci\u00f3n en esta fecha del campeonato, el piloto tucumano dedic\u00f3 unas palabras de agradecimiento a quienes lo acompa\u00f1an en su campa\u00f1a deportiva: <strong><em>\u201cQuiero agradecer a Axion, al equipo CRG Oficial, a Alan, a Shallor Cryss, y por supuesto a mi familia, a mi pap\u00e1, a mi mam\u00e1, a mi novia y a mis amigos que siempre est\u00e1n\u201d.<\/em><\/strong><\/p>\n<p>Con los resultados conseguidos en el circuito de Baradero, Adolfo Ib\u00e1\u00f1ez cerr\u00f3 este cap\u00edtulo ubic\u00e1ndose en el P9 de la tabla de la Master Max, con 65 puntos acumulados. El siguiente compromiso del certamen ser\u00e1 el fin de semana del 4 y 5 de abril cuando se dispute el Evento #3 del Trofeo de Verano en el kart\u00f3dromo \u201cCiudad de Buenos Aires\u201d, en CABA.<\/p>\n<p><img decoding=\"async\" src=\"https:\/\/www.e-kartvirtualpress.com.ar\/aibanez\/aibanez_2_260315ro.jpg\"><\/p>\n<p>Ph. Lucas Garcia<br \/>Inform\u00f3: E-Kart Virtual Press<\/p>\n","protected":false},"excerpt":{"rendered":"<p>En Baradero, Adolfo Iba\u00f1ez firm\u00f3 una s\u00f3lida presentaci\u00f3n junto a RMC Buenos Aires. El piloto de San Miguel de Tucum\u00e1n se sostuvo entre los protagonistas de la Master Max, afianzando su evoluci\u00f3n en la divisional y completando la Final en el P6.<\/p>\n","protected":false},"author":1,"featured_media":43046,"comment_status":"closed","ping_status":"closed","sticky":false,"template":"","format":"standard","meta":{"footnotes":""},"categories":[1948,1955],"tags":[],"class_list":["post-43045","post","type-post","status-publish","format-standard","has-post-thumbnail","hentry","category-pilotos-ekvp","category-rmc-buenos-aires"],"_links":{"self":[{"href":"https:\/\/e-kart.com.ar\/index.php?rest_route=\/wp\/v2\/posts\/43045","targetHints":{"allow":["GET"]}}],"collection":[{"href":"https:\/\/e-kart.com.ar\/index.php?rest_route=\/wp\/v2\/posts"}],"about":[{"href":"https:\/\/e-kart.com.ar\/index.php?rest_route=\/wp\/v2\/types\/post"}],"author":[{"embeddable":true,"href":"https:\/\/e-kart.com.ar\/index.php?rest_route=\/wp\/v2\/users\/1"}],"replies":[{"embeddable":true,"href":"https:\/\/e-kart.com.ar\/index.php?rest_route=%2Fwp%2Fv2%2Fcomments&post=43045"}],"version-history":[{"count":1,"href":"https:\/\/e-kart.com.ar\/index.php?rest_route=\/wp\/v2\/posts\/43045\/revisions"}],"predecessor-version":[{"id":43047,"href":"https:\/\/e-kart.com.ar\/index.php?rest_route=\/wp\/v2\/posts\/43045\/revisions\/43047"}],"wp:featuredmedia":[{"embeddable":true,"href":"https:\/\/e-kart.com.ar\/index.php?rest_route=\/wp\/v2\/media\/43046"}],"wp:attachment":[{"href":"https:\/\/e-kart.com.ar\/index.php?rest_route=%2Fwp%2Fv2%2Fmedia&parent=43045"}],"wp:term":[{"taxonomy":"category","embeddable":true,"href":"https:\/\/e-kart.com.ar\/index.php?rest_route=%2Fwp%2Fv2%2Fcategories&post=43045"},{"taxonomy":"post_tag","embeddable":true,"href":"https:\/\/e-kart.com.ar\/index.php?rest_route=%2Fwp%2Fv2%2Ftags&post=43045"}],"curies":[{"name":"wp","href":"https:\/\/api.w.org\/{rel}","templated":true}]}}