{"id":43041,"date":"2026-03-16T15:49:44","date_gmt":"2026-03-16T18:49:44","guid":{"rendered":"https:\/\/e-kart.com.ar\/?p=43041"},"modified":"2026-03-16T16:12:23","modified_gmt":"2026-03-16T19:12:23","slug":"j-gomez-demostro-que-esta-para-pelear","status":"publish","type":"post","link":"https:\/\/e-kart.com.ar\/?p=43041","title":{"rendered":"J.G\u00d3MEZ: Demostr\u00f3 que est\u00e1 para pelear"},"content":{"rendered":"<p class=\"has-medium-font-size\"><em>Jon\u00e1s G\u00f3mez tuvo un s\u00f3lido paso por el Evento #2 del Trofeo de Verano de RMC Buenos Aires en Baradero. El piloto de Merlo, integrando la estructura oficial Pantano, finaliz\u00f3 P7 en la Senior Max.<\/em><\/p>\n<p><img decoding=\"async\" src=\"https:\/\/www.e-kartvirtualpress.com.ar\/jgomez\/jgomez_260315ro.jpg\" \/><\/p>\n<p><strong><br \/>\nBaradero, Buenos Aires.<\/strong> El kart\u00f3dromo \u201cRamiro Tot\u201d de Baradero fue escenario el pasado fin de semana del Evento #2 del Trofeo de Verano de RMC Buenos Aires, donde compiti\u00f3 Jon\u00e1s G\u00f3mez dentro de la clase Senior Max. El piloto de Merlo, Buenos Aires, afront\u00f3 este compromiso integrando la estructura oficial Pantano en esta nueva cita del calendario del certamen.<\/p>\n<p>La jornada del s\u00e1bado comenz\u00f3 con una destacada clasificaci\u00f3n, donde G\u00f3mez marc\u00f3 el 5\u00b0 mejor registro. Luego afront\u00f3 las mangas correspondientes al Grupo A. En la primera complet\u00f3 la competencia en el P6, mientras que en la segunda fue ubicado en el P9 tras recibir un recargo por trompa.<\/p>\n<p>Al cierre de la jornada sabatina, G\u00f3mez explic\u00f3 las complicaciones que condicionaron los resultados obtenidos en las mangas: <strong><em>\u201cTuvimos una buena clasificaci\u00f3n. En las mangas metimos la trompa, no tuvimos ning\u00fan toque, no sabemos c\u00f3mo ocurri\u00f3. Estamos preocupados con esta situaci\u00f3n, podr\u00eda ser un problema con los soportes. El rendimiento del auto es muy bueno, pero los resultados nos dejan disconformes\u201d.<\/em><\/strong><\/p>\n<p>El domingo continu\u00f3 con las instancias decisivas del evento. En la tercera manga logr\u00f3 completar la competencia en el P4, mostrando nuevamente el potencial de su conjunto. En la Final volvi\u00f3 a destacarse por su ritmo, manteni\u00e9ndose en la pelea con los pilotos de punta y cruzando la meta en el P7.<\/p>\n<p><img decoding=\"async\" src=\"https:\/\/www.e-kartvirtualpress.com.ar\/jgomez\/jgomez_3_260315ro.jpg\" \/><\/p>\n<p>Tras concluir la jornada dominical, analiz\u00f3 el desarrollo de la carrera: <strong><em>\u201cTuvimos resultados muy buenos e inesperados. En las mangas del s\u00e1bado tuvimos muchas complicaciones, pero la del domingo fue positiva y quedamos 4\u00b0. En la Final estuvimos girando constantemente \u2018al rayo\u2019, alcanzando a los punteros y meti\u00e9ndonos con una buena maniobra en los primeros 3 lugares, pero la largada fue muy enredada y apenas un toquecito con el de adelante me hizo meter trompa y nos recargaron. Es una l\u00e1stima porque nos neg\u00f3 el podio, pero estamos conformes con todo el trabajo del equipo y el nuevo auto\u201d.<\/em><\/strong><\/p>\n<p>Finalmente agreg\u00f3: <strong><em>\u201cNo pudimos estar presentes en la primera fecha porque no ten\u00edamos motor, pero en esta estuvimos competitivos y vamos a volver con todo a la pr\u00f3xima\u201d.<\/em><\/strong><\/p>\n<p>Al finalizar su participaci\u00f3n en esta fecha del campeonato, el piloto de Merlo dedic\u00f3 unas palabras de agradecimiento a quienes lo acompa\u00f1an en su campa\u00f1a deportiva: <strong><em>\u00abQuiero agradecer a todo el equipo Pantano Arg, a Pitu Janson, a Claudio P\u00e9rez, a AGMotores, a mi familia, a mi viejo que hace todo lo posible para que yo pueda correr, a mi mam\u00e1 que me acompa\u00f1a desde casa, a mi abuelo, a Monente Performance por la telemetr\u00eda, a mi sponsor Botto Kart y a todos los que me dan su apoyo\u201d.<\/em><\/strong><\/p>\n<p>Concluida esta presentaci\u00f3n en Baradero, Jon\u00e1s Gomez complet\u00f3 su actuaci\u00f3n en la clase Senior Max del Trofeo de Verano de RMC Buenos Aires, donde empata el P14 del campeonato con 47 puntos acumulados. La pr\u00f3xima competencia de RMC Buenos Aires ser\u00e1 el fin de semana del 4 y 5 de abril cuando se dispute el Evento #3 del Trofeo de Verano en el kart\u00f3dromo \u201cCiudad de Buenos Aires\u201d, en CABA.<\/p>\n<p><img decoding=\"async\" src=\"https:\/\/www.e-kartvirtualpress.com.ar\/jgomez\/jgomez_2_260315ro.jpg\" \/><\/p>\n<p>Ph. Lucas Garcia<br \/>\nInform\u00f3: E-Kart Virtual Press<\/p>\n","protected":false},"excerpt":{"rendered":"<p>Jon\u00e1s G\u00f3mez tuvo un s\u00f3lido paso por el Evento #2 del Trofeo de Verano de RMC Buenos Aires en Baradero. El piloto de Merlo, integrando la estructura oficial Pantano, finaliz\u00f3 P7 en la Senior Max.<\/p>\n","protected":false},"author":1,"featured_media":43042,"comment_status":"closed","ping_status":"closed","sticky":false,"template":"","format":"standard","meta":{"footnotes":""},"categories":[1948,1955],"tags":[],"class_list":["post-43041","post","type-post","status-publish","format-standard","has-post-thumbnail","hentry","category-pilotos-ekvp","category-rmc-buenos-aires"],"_links":{"self":[{"href":"https:\/\/e-kart.com.ar\/index.php?rest_route=\/wp\/v2\/posts\/43041","targetHints":{"allow":["GET"]}}],"collection":[{"href":"https:\/\/e-kart.com.ar\/index.php?rest_route=\/wp\/v2\/posts"}],"about":[{"href":"https:\/\/e-kart.com.ar\/index.php?rest_route=\/wp\/v2\/types\/post"}],"author":[{"embeddable":true,"href":"https:\/\/e-kart.com.ar\/index.php?rest_route=\/wp\/v2\/users\/1"}],"replies":[{"embeddable":true,"href":"https:\/\/e-kart.com.ar\/index.php?rest_route=%2Fwp%2Fv2%2Fcomments&post=43041"}],"version-history":[{"count":2,"href":"https:\/\/e-kart.com.ar\/index.php?rest_route=\/wp\/v2\/posts\/43041\/revisions"}],"predecessor-version":[{"id":43044,"href":"https:\/\/e-kart.com.ar\/index.php?rest_route=\/wp\/v2\/posts\/43041\/revisions\/43044"}],"wp:featuredmedia":[{"embeddable":true,"href":"https:\/\/e-kart.com.ar\/index.php?rest_route=\/wp\/v2\/media\/43042"}],"wp:attachment":[{"href":"https:\/\/e-kart.com.ar\/index.php?rest_route=%2Fwp%2Fv2%2Fmedia&parent=43041"}],"wp:term":[{"taxonomy":"category","embeddable":true,"href":"https:\/\/e-kart.com.ar\/index.php?rest_route=%2Fwp%2Fv2%2Fcategories&post=43041"},{"taxonomy":"post_tag","embeddable":true,"href":"https:\/\/e-kart.com.ar\/index.php?rest_route=%2Fwp%2Fv2%2Ftags&post=43041"}],"curies":[{"name":"wp","href":"https:\/\/api.w.org\/{rel}","templated":true}]}}