{"id":43038,"date":"2026-03-16T15:33:30","date_gmt":"2026-03-16T18:33:30","guid":{"rendered":"https:\/\/e-kart.com.ar\/?p=43038"},"modified":"2026-03-16T15:33:30","modified_gmt":"2026-03-16T18:33:30","slug":"s-echarri-con-saldo-positivo-en-baradero","status":"publish","type":"post","link":"https:\/\/e-kart.com.ar\/?p=43038","title":{"rendered":"S.ECHARRI: Con saldo positivo en Baradero"},"content":{"rendered":"<p class=\"has-medium-font-size\"><em>Una destacada remontada en la Final le permiti\u00f3 a Salvador \u201cCoco\u201d Echarri cerrar con buenas sensaciones el Evento #2 del Trofeo de Verano de RMC Buenos Aires en Baradero. El piloto de Villa Carlos Paz complet\u00f3 la carrera decisiva de la Senior Max en el P6.<\/em><\/p>\n<p><img decoding=\"async\" src=\"https:\/\/www.e-kartvirtualpress.com.ar\/secharri\/secharri_260315ro.jpg\"><\/p>\n<p><strong><br \/>Baradero, Buenos Aires.<\/strong> Con una intensa presentaci\u00f3n en el kart\u00f3dromo \u201cRamiro Tot\u201d de Baradero, Salvador \u201cCoco\u201d Echarri fue protagonista del Evento #2 del Trofeo de Verano de RMC Buenos Aires dentro de la clase Senior Max. La segunda cita del certamen le permiti\u00f3 lucirse con una gran remontada en la Final, que le vali\u00f3 cerrar la etapa decisiva dentro del sexteto de punta.<\/p>\n<p>La jornada del s\u00e1bado comenz\u00f3 con la clasificaci\u00f3n general, donde Echarri marc\u00f3 el 8\u00b0 registro entre los casi 40 competidores de la divisional. Integrando el Grupo B de la nutrida categor\u00eda, afront\u00f3 luego las dos mangas del d\u00eda. En la primera finaliz\u00f3 en el P9 tras una largada complicada, mientras que en la segunda complet\u00f3 la carrera en el P13 luego de recibir una sanci\u00f3n que condicion\u00f3 su resultado. <\/p>\n<p>Concluida toda la labor del d\u00eda s\u00e1bado, el piloto cordob\u00e9s explic\u00f3 las situaciones que marcaron su desempe\u00f1o en pista: <strong><em>\u201cTuvimos un comienzo extra\u00f1o. Terminamos 8\u00b0 en la clasificaci\u00f3n general y 5\u00b0 en nuestro grupo, a una d\u00e9cima de la punta. En la primera manga hice una muy mala largada y qued\u00e9 muy atr\u00e1s. En la segunda manga tuve una mejor largada y el auto tuvo mejor ritmo y nos permiti\u00f3 avanzar, pero una sanci\u00f3n nos dej\u00f3 otra vez retrasados. Tenemos que seguir trabajando para recuperar lo que se pueda en lo que queda del fin de semana\u201d.<\/em><\/strong><\/p>\n<p>El domingo continu\u00f3 con las instancias decisivas del evento. En la tercera manga complet\u00f3 la competencia en el P8. En la carrera decisiva protagoniz\u00f3 una s\u00f3lida recuperaci\u00f3n, avanzando desde el centro de un aguerrido pelot\u00f3n hasta completar la competencia en el P6, mostrando un ritmo competitivo similar al que sosten\u00edan los punteros.<\/p>\n<p><img decoding=\"async\" src=\"https:\/\/www.e-kartvirtualpress.com.ar\/secharri\/secharri_3_260315ro.jpg\"><\/p>\n<p>Tras la carrera, Echarri analiz\u00f3 el desarrollo de la jornada dominical: <strong><em>\u201cEn los entrenamientos del domingo nos llenamos de confianza, fuimos r\u00e1pidos, quedamos 5\u00b0. Sin embargo, en la tercera manga ca\u00edmos bastante, el auto se peg\u00f3 al piso. Hicimos algunas modificaciones para la Final y conseguimos una gran mejora, girando en los tiempos de punta. Largamos 17\u00b0 y llegamos entre los de adelante. Estamos muy contentos, tenemos que seguir trabajando\u201d.<\/em><\/strong><\/p>\n<p>Al finalizar su participaci\u00f3n en esta fecha del campeonato, el piloto de Villa Carlos Paz dedic\u00f3 unas palabras de reconocimiento a quienes lo acompa\u00f1an en su campa\u00f1a deportiva: <strong><em>\u201cQuiero agradecer a todo el equipo CKR Arg, a mi hermano Leandro, a mi mec\u00e1nico, a mi viejo que hace todo lo posible para que siempre estemos ah\u00ed, a toda mi familia, a Axion Team por el motor y a todos los sponsors: Multifer de Toruno SA, Tecnomyl y Sigma\u201d.<\/em><\/strong><\/p>\n<p>Tras este compromiso en el circuito baraderense, Salvador \u201cCoco\u201d Echarri cerr\u00f3 su participaci\u00f3n dentro de la clase Senior Max del Trofeo de Verano de RMC Buenos Aires ubicado en el P10 del campeonato, donde suma 60 puntos. La pr\u00f3xima competencia de RMC Buenos Aires se disputar\u00e1 el fin de semana del 4 y 5 de abril con el Evento #3 del Trofeo de Verano en el kart\u00f3dromo \u201cCiudad de Buenos Aires\u201d, en CABA.<\/p>\n<p><img decoding=\"async\" src=\"https:\/\/www.e-kartvirtualpress.com.ar\/secharri\/secharri_2_260315ro.jpg\"><\/p>\n<p>Ph. Lucas Garcia<br \/>Inform\u00f3: E-Kart Virtual Press<\/p>\n","protected":false},"excerpt":{"rendered":"<p>Una destacada remontada en la Final le permiti\u00f3 a Salvador \u201cCoco\u201d Echarri cerrar con buenas sensaciones el Evento #2 del Trofeo de Verano de RMC Buenos Aires en Baradero. El piloto de Villa Carlos Paz complet\u00f3 la carrera decisiva de la Senior Max en el P6.<\/p>\n","protected":false},"author":1,"featured_media":43039,"comment_status":"closed","ping_status":"closed","sticky":false,"template":"","format":"standard","meta":{"footnotes":""},"categories":[1948,1955],"tags":[],"class_list":["post-43038","post","type-post","status-publish","format-standard","has-post-thumbnail","hentry","category-pilotos-ekvp","category-rmc-buenos-aires"],"_links":{"self":[{"href":"https:\/\/e-kart.com.ar\/index.php?rest_route=\/wp\/v2\/posts\/43038","targetHints":{"allow":["GET"]}}],"collection":[{"href":"https:\/\/e-kart.com.ar\/index.php?rest_route=\/wp\/v2\/posts"}],"about":[{"href":"https:\/\/e-kart.com.ar\/index.php?rest_route=\/wp\/v2\/types\/post"}],"author":[{"embeddable":true,"href":"https:\/\/e-kart.com.ar\/index.php?rest_route=\/wp\/v2\/users\/1"}],"replies":[{"embeddable":true,"href":"https:\/\/e-kart.com.ar\/index.php?rest_route=%2Fwp%2Fv2%2Fcomments&post=43038"}],"version-history":[{"count":1,"href":"https:\/\/e-kart.com.ar\/index.php?rest_route=\/wp\/v2\/posts\/43038\/revisions"}],"predecessor-version":[{"id":43040,"href":"https:\/\/e-kart.com.ar\/index.php?rest_route=\/wp\/v2\/posts\/43038\/revisions\/43040"}],"wp:featuredmedia":[{"embeddable":true,"href":"https:\/\/e-kart.com.ar\/index.php?rest_route=\/wp\/v2\/media\/43039"}],"wp:attachment":[{"href":"https:\/\/e-kart.com.ar\/index.php?rest_route=%2Fwp%2Fv2%2Fmedia&parent=43038"}],"wp:term":[{"taxonomy":"category","embeddable":true,"href":"https:\/\/e-kart.com.ar\/index.php?rest_route=%2Fwp%2Fv2%2Fcategories&post=43038"},{"taxonomy":"post_tag","embeddable":true,"href":"https:\/\/e-kart.com.ar\/index.php?rest_route=%2Fwp%2Fv2%2Ftags&post=43038"}],"curies":[{"name":"wp","href":"https:\/\/api.w.org\/{rel}","templated":true}]}}