{"id":43035,"date":"2026-03-16T14:06:22","date_gmt":"2026-03-16T17:06:22","guid":{"rendered":"https:\/\/e-kart.com.ar\/?p=43035"},"modified":"2026-03-16T14:06:23","modified_gmt":"2026-03-16T17:06:23","slug":"j-cartolano-cerro-la-segunda-con-una-gran-remontada","status":"publish","type":"post","link":"https:\/\/e-kart.com.ar\/?p=43035","title":{"rendered":"J.CARTOLANO: Cerr\u00f3 la segunda con una gran remontada"},"content":{"rendered":"<p class=\"has-medium-font-size\"><em>Juan Cartolano mostr\u00f3 un gran potencial en el Evento #2 del Trofeo de Verano de RMC Buenos Aires, disputado en Baradero. Tras destacarse entre los m\u00e1s r\u00e1pidos desde los entrenamientos, protagoniz\u00f3 una gran remontada en la Final de la Senior Nacional.<\/em><\/p>\n<p><img decoding=\"async\" src=\"https:\/\/www.e-kartvirtualpress.com.ar\/jcartolano\/jcartolano_260315ro.jpg\"><\/p>\n<p><strong><br \/>Baradero, Buenos Aires.<\/strong> Sobre el circuito \u2018Ramiro Tot\u2019 de la ciudad de Baradero, Juan Cartolano fue uno de los protagonistas de la clase Senior Nacional en el Evento #2 del Trofeo de Verano de RMC Buenos Aires, disputado el pasado fin de semana. El piloto de Nordelta se mostr\u00f3 competitivo desde los entrenamientos, donde supo establecerse como referente entre los protagonistas de la numerosa divisional.<\/p>\n<p>La jornada del s\u00e1bado estuvo destinada a las tandas de entrenamientos de la numerosa divisional, donde Cartolano se mantuvo entre los protagonistas desde el inicio de la actividad. A lo largo del d\u00eda logr\u00f3 ubicarse siempre entre los diez m\u00e1s r\u00e1pidos y cerr\u00f3 la \u00faltima salida a pista con el mejor registro de la tanda: <strong><em>\u201cEn los entrenamientos fuimos r\u00e1pidos. En la \u00faltima tanda del s\u00e1bado nos quedamos con el P1\u201d.<\/em><\/strong><\/p>\n<p>El domingo comenzaron las instancias de competencia con la clasificaci\u00f3n, donde Cartolano marc\u00f3 el 9\u00b0 registro. Luego afront\u00f3 la Serie, donde hab\u00eda logrado completar la carrera en el P5, pero fue excluido por un incidente en la largada. Esa situaci\u00f3n lo oblig\u00f3 a disputar el repechaje para poder acceder a la Final. Conseguido el \u2018pase\u2019 a la carrera decisiva, larg\u00f3 desde el fondo del pelot\u00f3n y protagoniz\u00f3 una destacada remontada, avanzando posiciones hasta completar la competencia en el P20 entre los 36 pilotos clasificados. <\/p>\n<p>Cumplida esta notable trepada con la que cerr\u00f3 su actuaci\u00f3n, Juan analiz\u00f3 lo sucedido durante el d\u00eda: <strong><em>\u201cEl domingo no fue tan positivo, clasificamos 9\u00b0. En la serie quedamos 5\u00b0, pero nos excluyeron por un toque en la largada. Fuimos a repechaje y entramos a la final. Largamos la Final \u00faltimos. Tuvimos un ritmo excelente, permiti\u00e9ndonos pasar hasta 16 pilotos. Estamos muy contentos por la experiencia y los puntos que pudimos sumar\u201d.<\/em><\/strong><\/p>\n<p><img decoding=\"async\" src=\"https:\/\/www.e-kartvirtualpress.com.ar\/jcartolano\/jcartolano_3_260315ro.jpg\"><\/p>\n<p>Al concluir su participaci\u00f3n en esta fecha del campeonato, Cartolano dedic\u00f3 unas palabras de reconocimiento a quienes lo acompa\u00f1an en su campa\u00f1a deportiva: <strong><em>\u201cQuiero agradecer a toda mi familia, especialmente a mi pap\u00e1, a Walter de Solid, todo el equipo Ibarra Competici\u00f3n, a Sebasti\u00e1n Ibarra, a Ignacio L\u00f3pez, a Marcelo Inoriza y a todos los que est\u00e1n detr\u00e1s de todo este trabajo\u201d.<\/em><\/strong><\/p>\n<p>Luego de este compromiso en el trazado bonaerense, Juan Cartolano complet\u00f3 su actuaci\u00f3n en la clase Senior Nacional del Trofeo de Verano de RMC Buenos Aires, ubicado en el P13 del campeonato con 33 puntos acumulados. La pr\u00f3xima fecha ser\u00e1 el fin de semana del 4 y 5 de abril con el Evento #3 del Trofeo de Verano en el kart\u00f3dromo \u201cCiudad de Buenos Aires\u201d, en CABA.<\/p>\n<p><img decoding=\"async\" src=\"https:\/\/www.e-kartvirtualpress.com.ar\/jcartolano\/jcartolano_2_260315ro.jpg\"><\/p>\n<p>Ph. Lucas Garcia<br \/>Inform\u00f3: E-Kart Virtual Press<\/p>\n","protected":false},"excerpt":{"rendered":"<p>Juan Cartolano mostr\u00f3 un gran potencial en el Evento #2 del Trofeo de Verano de RMC Buenos Aires, disputado en Baradero. Tras destacarse entre los m\u00e1s r\u00e1pidos desde los entrenamientos, protagoniz\u00f3 una gran remontada en la Final de la Senior Nacional.<\/p>\n","protected":false},"author":1,"featured_media":43036,"comment_status":"closed","ping_status":"closed","sticky":false,"template":"","format":"standard","meta":{"footnotes":""},"categories":[1948,1955],"tags":[],"class_list":["post-43035","post","type-post","status-publish","format-standard","has-post-thumbnail","hentry","category-pilotos-ekvp","category-rmc-buenos-aires"],"_links":{"self":[{"href":"https:\/\/e-kart.com.ar\/index.php?rest_route=\/wp\/v2\/posts\/43035","targetHints":{"allow":["GET"]}}],"collection":[{"href":"https:\/\/e-kart.com.ar\/index.php?rest_route=\/wp\/v2\/posts"}],"about":[{"href":"https:\/\/e-kart.com.ar\/index.php?rest_route=\/wp\/v2\/types\/post"}],"author":[{"embeddable":true,"href":"https:\/\/e-kart.com.ar\/index.php?rest_route=\/wp\/v2\/users\/1"}],"replies":[{"embeddable":true,"href":"https:\/\/e-kart.com.ar\/index.php?rest_route=%2Fwp%2Fv2%2Fcomments&post=43035"}],"version-history":[{"count":1,"href":"https:\/\/e-kart.com.ar\/index.php?rest_route=\/wp\/v2\/posts\/43035\/revisions"}],"predecessor-version":[{"id":43037,"href":"https:\/\/e-kart.com.ar\/index.php?rest_route=\/wp\/v2\/posts\/43035\/revisions\/43037"}],"wp:featuredmedia":[{"embeddable":true,"href":"https:\/\/e-kart.com.ar\/index.php?rest_route=\/wp\/v2\/media\/43036"}],"wp:attachment":[{"href":"https:\/\/e-kart.com.ar\/index.php?rest_route=%2Fwp%2Fv2%2Fmedia&parent=43035"}],"wp:term":[{"taxonomy":"category","embeddable":true,"href":"https:\/\/e-kart.com.ar\/index.php?rest_route=%2Fwp%2Fv2%2Fcategories&post=43035"},{"taxonomy":"post_tag","embeddable":true,"href":"https:\/\/e-kart.com.ar\/index.php?rest_route=%2Fwp%2Fv2%2Ftags&post=43035"}],"curies":[{"name":"wp","href":"https:\/\/api.w.org\/{rel}","templated":true}]}}