{"id":43032,"date":"2026-03-16T14:02:14","date_gmt":"2026-03-16T17:02:14","guid":{"rendered":"https:\/\/e-kart.com.ar\/?p=43032"},"modified":"2026-03-16T14:02:14","modified_gmt":"2026-03-16T17:02:14","slug":"d-galgani-a-un-paso-del-triunfo-en-baradero","status":"publish","type":"post","link":"https:\/\/e-kart.com.ar\/?p=43032","title":{"rendered":"D.GALGANI: A un paso del triunfo en Baradero"},"content":{"rendered":"<p class=\"has-medium-font-size\"><em>Dami\u00e1n Galgani fue uno de los grandes protagonistas del Evento #2 del \u2018Verano\u2019 de RMC Buenos Aires, disputado en Baradero. El piloto de CABA logr\u00f3 la pole position en clasificaci\u00f3n, gan\u00f3 la serie y termin\u00f3 P2 en la Final de la clase Master Nacional.<\/em><\/p>\n<p><img decoding=\"async\" src=\"https:\/\/www.e-kartvirtualpress.com.ar\/dgalgani\/dgalgani_260315ro.jpg\"><\/p>\n<p><strong><br \/>Baradero, Buenos Aires.<\/strong> Nuevamente en pista, Dami\u00e1n Galgani brill\u00f3 con su desempe\u00f1o en la actividad correspondiente al Evento #2 del Trofeo de Verano de RMC Buenos Aires, disputado el pasado fin de semana en el kart\u00f3dromo \u201cRamiro Tot\u201d de Baradero. El piloto de CABA compiti\u00f3 dentro de la clase Master Nacional en esta nueva cita del calendario donde se instala entre los m\u00e1ximos candidatos a la lucha por el t\u00edtulo.<\/p>\n<p>La actividad comenz\u00f3 el viernes con las tandas de entrenamientos, donde el piloto capitalino mostr\u00f3 desde temprano un ritmo competitivo que lo ubic\u00f3 entre las referencias de la divisional. Tras completar las salidas a pista de esta jornada inicial, Galgani comparti\u00f3 sus sensaciones sobre el potencial de su conjunto: <strong><em>\u201cTenemos un auto que pide podio. Hoy tuvimos un viernes muy positivo. En casi todas las tandas fuimos referentes y el auto mostr\u00f3 un ritmo excelente, sobre todo en la primera y en la \u00faltima salida a pista. Todav\u00eda tenemos margen para mejorar y creemos que no tenemos techo. Estamos muy ilusionados con lo que viene: el auto da para pelear adelante y el objetivo es volver a estar en el podio\u201d.<\/em><\/strong><\/p>\n<p>La jornada decisiva del domingo lo tuvo como uno de los claros animadores de la clase Master Nacional. En la clasificaci\u00f3n se qued\u00f3 con el mejor registro para asegurarse la pole position. Luego confirm\u00f3 su potencial al imponerse en la serie, resultado que lo posicion\u00f3 entre los principales aspirantes para la Final. En la competencia definitoria volvi\u00f3 a ser protagonista y complet\u00f3 la carrera en el P2, registrando adem\u00e1s el r\u00e9cord de vuelta. <\/p>\n<p>Al finalizar el evento, Galgani realiz\u00f3 un an\u00e1lisis detallado de su actuaci\u00f3n: <strong><em>\u201cFue un fin de semana muy positivo. Nos quedamos con la pole position, ganamos la serie y en la Final marcamos el r\u00e9cord de vuelta. El equipo me dio un gran karting, Nico, mi mec\u00e1nico, hizo un trabajo excelente y yo manejando lo di todo. Sumamos puntos muy importantes para el campeonato y ahora vamos por m\u00e1s en Buenos Aires\u201d.<\/em><\/strong><\/p>\n<p><img decoding=\"async\" src=\"https:\/\/www.e-kartvirtualpress.com.ar\/dgalgani\/dgalgani_3_260315ro.jpg\"><\/p>\n<p>Luego ampli\u00f3 su reflexi\u00f3n sobre el desarrollo de la Final y el balance general del fin de semana: <strong><em>\u201cTuve un rival dur\u00edsimo como Diego (Vigliercio), a quien le aguant\u00e9 la presi\u00f3n hasta que supo aprovechar un m\u00ednimo error que tuve. Nos respetamos los dos porque ambos \u2018jugamos por los puntos\u2019\u201d.<\/em><\/strong><\/p>\n<p>Y continu\u00f3: <strong><em>\u201cLogramos dos podios seguidos. Hoy nos quedamos con la Pole, ganamos la serie, nos quedamos con el record de vuelta en la Final. Ahora nos falta un poquito m\u00e1s para ganar la carrera. Desde lo personal, esta fue una semana dif\u00edcil, y quedo en deuda con mi mujer y mi hijo: les debo la victoria\u201d.<\/em><\/strong><\/p>\n<p>Al concluir su participaci\u00f3n en esta fecha del campeonato, Galgani expres\u00f3 su agradecimiento a quienes lo acompa\u00f1an en su campa\u00f1a deportiva: <strong><em>\u201cAgradezco a todo el equipo Indiana Veloz, en especial a \u00c1ngel y Silvestre Trobbiani y Nico Petr\u00f3ngolo, a AGM de \u00c1ngel Garc\u00eda por la motorizaci\u00f3n, a AM ENGINEERING y todo su equipo por la data y telemetr\u00eda, a mi profe y preparador f\u00edsico Leandro Novillo por el trabajo que me dedica en la semana, y a todos mis sponsors que me acompa\u00f1an en mi carrera deportiva, para que podamos decir presente en cada evento: Fric-Rot, Monroe, BulletProof, Ascari Neum\u00e1ticos, Credifam, Olivos Combustibles, Bioseif, Taxis Dajomax, Verduleria el Templo de <\/em><\/strong>Monroe y Jorge Alonso &amp; cia\u201d.<\/p>\n<p>Tras completar este compromiso en el trazado de Baradero, Damian Galgani cerr\u00f3 su participaci\u00f3n dentro de la clase Master Nacional del Trofeo de Verano de RMC Buenos Aires, ubic\u00e1ndose en el P2 del campeonato con 86 puntos acumulados. La pr\u00f3xima competencia de RMC Buenos Aires se disputar\u00e1 el fin de semana del 4 y 5 de abril con el Evento #3 del Trofeo de Verano en el kart\u00f3dromo \u201cCiudad de Buenos Aires\u201d, en CABA.<\/p>\n<p><img decoding=\"async\" src=\"https:\/\/www.e-kartvirtualpress.com.ar\/dgalgani\/dgalgani_2_260315ro.jpg\"><\/p>\n<p>Ph. Lucas Garcia<br \/>Inform\u00f3: E-Kart Virtual Press<\/p>\n","protected":false},"excerpt":{"rendered":"<p>Dami\u00e1n Galgani fue uno de los grandes protagonistas del Evento #2 del \u2018Verano\u2019 de RMC Buenos Aires, disputado en Baradero. El piloto de CABA logr\u00f3 la pole position en clasificaci\u00f3n, gan\u00f3 la serie y termin\u00f3 P2 en la Final de la clase Master Nacional.<\/p>\n","protected":false},"author":1,"featured_media":43033,"comment_status":"closed","ping_status":"closed","sticky":false,"template":"","format":"standard","meta":{"footnotes":""},"categories":[1948,1955],"tags":[],"class_list":["post-43032","post","type-post","status-publish","format-standard","has-post-thumbnail","hentry","category-pilotos-ekvp","category-rmc-buenos-aires"],"_links":{"self":[{"href":"https:\/\/e-kart.com.ar\/index.php?rest_route=\/wp\/v2\/posts\/43032","targetHints":{"allow":["GET"]}}],"collection":[{"href":"https:\/\/e-kart.com.ar\/index.php?rest_route=\/wp\/v2\/posts"}],"about":[{"href":"https:\/\/e-kart.com.ar\/index.php?rest_route=\/wp\/v2\/types\/post"}],"author":[{"embeddable":true,"href":"https:\/\/e-kart.com.ar\/index.php?rest_route=\/wp\/v2\/users\/1"}],"replies":[{"embeddable":true,"href":"https:\/\/e-kart.com.ar\/index.php?rest_route=%2Fwp%2Fv2%2Fcomments&post=43032"}],"version-history":[{"count":1,"href":"https:\/\/e-kart.com.ar\/index.php?rest_route=\/wp\/v2\/posts\/43032\/revisions"}],"predecessor-version":[{"id":43034,"href":"https:\/\/e-kart.com.ar\/index.php?rest_route=\/wp\/v2\/posts\/43032\/revisions\/43034"}],"wp:featuredmedia":[{"embeddable":true,"href":"https:\/\/e-kart.com.ar\/index.php?rest_route=\/wp\/v2\/media\/43033"}],"wp:attachment":[{"href":"https:\/\/e-kart.com.ar\/index.php?rest_route=%2Fwp%2Fv2%2Fmedia&parent=43032"}],"wp:term":[{"taxonomy":"category","embeddable":true,"href":"https:\/\/e-kart.com.ar\/index.php?rest_route=%2Fwp%2Fv2%2Fcategories&post=43032"},{"taxonomy":"post_tag","embeddable":true,"href":"https:\/\/e-kart.com.ar\/index.php?rest_route=%2Fwp%2Fv2%2Ftags&post=43032"}],"curies":[{"name":"wp","href":"https:\/\/api.w.org\/{rel}","templated":true}]}}