{"id":43017,"date":"2026-03-16T13:16:02","date_gmt":"2026-03-16T16:16:02","guid":{"rendered":"https:\/\/e-kart.com.ar\/?p=43017"},"modified":"2026-03-16T13:16:03","modified_gmt":"2026-03-16T16:16:03","slug":"j-gorlero-pizarro-culmino-cerca-del-podio-en-baradero","status":"publish","type":"post","link":"https:\/\/e-kart.com.ar\/?p=43017","title":{"rendered":"J.GORLERO PIZARRO: Culmin\u00f3 cerca del podio en Baradero"},"content":{"rendered":"<p class=\"has-medium-font-size\"><em>Tras el paso de la categor\u00eda por Baradero, Joaqu\u00edn Gorlero Pizarro se sostiene entre los protagonistas del \u2018Trofeo de Verano\u2019 de RMC Buenos Aires. El piloto de Neuqu\u00e9n cerr\u00f3 la Final de la Senior Max en el P5, donde se adjudic\u00f3 el r\u00e9cord de vuelta.<\/em><\/p>\n<p><img decoding=\"async\" src=\"https:\/\/www.e-kartvirtualpress.com.ar\/jgorlero\/jgorlero_260315ro.jpg\"><\/p>\n<p><strong><br \/>Baradero, Buenos Aires.<\/strong> En el kart\u00f3dromo \u201cRamiro Tot\u201d de Baradero se llev\u00f3 a cabo el pasado fin de semana el Evento #2 del Trofeo de Verano de RMC Buenos Aires. All\u00ed se present\u00f3 Joaqu\u00edn Gorlero Pizarro en la clase Senior Max, en una nueva cita del campeonato. Con un trabajo destacado que lo llev\u00f3 a mostrarse como uno de los principales actores de la numerosa divisional, el piloto neuquino complet\u00f3 un gran fin de semana y se instal\u00f3 en el terceto de punta del certamen.<\/p>\n<p>La actividad del s\u00e1bado comenz\u00f3 con la clasificaci\u00f3n general, donde marc\u00f3 el 11\u00b0 tiempo. Luego afront\u00f3 las dos mangas correspondientes al Grupo A, donde logr\u00f3 finalizar en el P4 en la primera competencia y en el P6 en la segunda. <\/p>\n<p>Tras completar la jornada inicial del fin de semana, el Joaqu\u00edn analiz\u00f3 las dificultades que enfrentaron en la adaptaci\u00f3n al circuito: <strong><em>\u201cArrancamos complicados el fin de semana. Tenemos que corregir algunas cosas en el auto. Venimos de girar en otra pista con mucho grip, cuando llegamos a este circuito con mucha arenilla, nos complicamos mucho. Mejoramos los tiempos en la clasificaci\u00f3n, cuando pusimos gomas nuevas. En la primera manga nos acomodamos 4\u00b0 y en la segunda 6\u00b0. Tenemos que corregir algunos detalles para el domingo y as\u00ed conseguir un buen resultado\u201d.<\/em><\/strong><\/p>\n<p>El domingo se disputaron las instancias decisivas del evento. En la tercera manga complet\u00f3 la competencia en el P6, resultado que lo dej\u00f3 bien ubicado en la grilla de la Final. En la carrera definitoria protagoniz\u00f3 una s\u00f3lida remontada tras una largada compleja, logrando cruzar la meta en el P7 en pista. Posteriormente, el clasificador oficial lo ubic\u00f3 en el P5. En el transcurso de la competencia tambi\u00e9n mostr\u00f3 el potencial de su conjunto al registrar el r\u00e9cord de vuelta. <\/p>\n<p><img decoding=\"async\" src=\"https:\/\/www.e-kartvirtualpress.com.ar\/jgorlero\/jgorlero_3_260315ro.jpg\"><\/p>\n<p>Al finalizar la jornada dominical, Gorlero Pizarro explic\u00f3 los factores que condicionaron su fin de semana y destac\u00f3 el ritmo conseguido en la Final: <strong><em>\u201cTodo el fin de semana nos cost\u00f3 adaptarnos al poco grip de la pista, pero cuando encontramos nuestro ritmo, pudimos avanzar. A pesar de eso, no conseguimos los resultados que busc\u00e1bamos. En la tercera manga nos cost\u00f3 pasar a los otros, pero largamos P9 en la Final y terminamos en P7 en pista\u201d. <\/em><\/strong><\/p>\n<p>En relaci\u00f3n a la carrera decisiva, coment\u00f3: <strong><em>\u201cEn la Final, nos tuvimos que recuperar de una largada complicada. El motor se ahog\u00f3 y perd\u00ed varias posiciones. Cuando tuve el auto y las gomas en condiciones, fuimos muy r\u00e1pidos y me qued\u00e9 con el r\u00e9cord de vuelta. Ten\u00edamos un conjunto para estar adelante\u201d.<\/em><\/strong><\/p>\n<p>Al concluir su participaci\u00f3n en esta fecha del campeonato, el piloto neuquino dedic\u00f3 unas palabras de reconocimiento a quienes lo acompa\u00f1an en su campa\u00f1a deportiva: <strong><em>\u201cQuiero agradecer especialmente a toda mi familia, a mi viejo, a mi vieja, a mi hermana y a mi madrina, que siempre est\u00e1n acompa\u00f1\u00e1ndome en cada carrera, al equipo Orange, de Mat\u00edas Calabrese; y por supuesto, el apoyo de mis sponsors: Camrock Servicios Generales y Cotill\u00f3n Siglo 21&#8243;.<\/em><\/strong><\/p>\n<p>Luego de esta fecha en el trazado de Baradero, Joaqu\u00edn Gorlero Pizarro complet\u00f3 su actuaci\u00f3n en la clase Senior Max del Trofeo de Verano de RMC Buenos Aires, posicion\u00e1ndose en el P3 del campeonato con 117 puntos acumulados. El certamen continuar\u00e1 el fin de semana del 4 y 5 de abril con el Evento #3 del Trofeo de Verano en el kart\u00f3dromo \u201cCiudad de Buenos Aires\u201d, en CABA.<\/p>\n<p><img decoding=\"async\" src=\"https:\/\/www.e-kartvirtualpress.com.ar\/jgorlero\/jgorlero_2_260315ro.jpg\"><\/p>\n<p>Ph. Lucas Garcia<br \/>Inform\u00f3: E-Kart Virtual Press<\/p>\n","protected":false},"excerpt":{"rendered":"<p>Tras el paso de la categor\u00eda por Baradero, Joaqu\u00edn Gorlero Pizarro se sostiene entre los protagonistas del \u2018Trofeo de Verano\u2019 de RMC Buenos Aires. El piloto de Neuqu\u00e9n cerr\u00f3 la Final de la Senior Max en el P5, donde se adjudic\u00f3 el r\u00e9cord de vuelta.<\/p>\n","protected":false},"author":1,"featured_media":43018,"comment_status":"closed","ping_status":"closed","sticky":false,"template":"","format":"standard","meta":{"footnotes":""},"categories":[1948,1955],"tags":[],"class_list":["post-43017","post","type-post","status-publish","format-standard","has-post-thumbnail","hentry","category-pilotos-ekvp","category-rmc-buenos-aires"],"_links":{"self":[{"href":"https:\/\/e-kart.com.ar\/index.php?rest_route=\/wp\/v2\/posts\/43017","targetHints":{"allow":["GET"]}}],"collection":[{"href":"https:\/\/e-kart.com.ar\/index.php?rest_route=\/wp\/v2\/posts"}],"about":[{"href":"https:\/\/e-kart.com.ar\/index.php?rest_route=\/wp\/v2\/types\/post"}],"author":[{"embeddable":true,"href":"https:\/\/e-kart.com.ar\/index.php?rest_route=\/wp\/v2\/users\/1"}],"replies":[{"embeddable":true,"href":"https:\/\/e-kart.com.ar\/index.php?rest_route=%2Fwp%2Fv2%2Fcomments&post=43017"}],"version-history":[{"count":1,"href":"https:\/\/e-kart.com.ar\/index.php?rest_route=\/wp\/v2\/posts\/43017\/revisions"}],"predecessor-version":[{"id":43019,"href":"https:\/\/e-kart.com.ar\/index.php?rest_route=\/wp\/v2\/posts\/43017\/revisions\/43019"}],"wp:featuredmedia":[{"embeddable":true,"href":"https:\/\/e-kart.com.ar\/index.php?rest_route=\/wp\/v2\/media\/43018"}],"wp:attachment":[{"href":"https:\/\/e-kart.com.ar\/index.php?rest_route=%2Fwp%2Fv2%2Fmedia&parent=43017"}],"wp:term":[{"taxonomy":"category","embeddable":true,"href":"https:\/\/e-kart.com.ar\/index.php?rest_route=%2Fwp%2Fv2%2Fcategories&post=43017"},{"taxonomy":"post_tag","embeddable":true,"href":"https:\/\/e-kart.com.ar\/index.php?rest_route=%2Fwp%2Fv2%2Ftags&post=43017"}],"curies":[{"name":"wp","href":"https:\/\/api.w.org\/{rel}","templated":true}]}}