{"id":43013,"date":"2026-03-16T13:06:32","date_gmt":"2026-03-16T16:06:32","guid":{"rendered":"https:\/\/e-kart.com.ar\/?p=43013"},"modified":"2026-03-16T13:09:21","modified_gmt":"2026-03-16T16:09:21","slug":"a-trovero-tremendo-podio-en-baradero","status":"publish","type":"post","link":"https:\/\/e-kart.com.ar\/?p=43013","title":{"rendered":"A.TROVERO: Tremendo podio en Baradero"},"content":{"rendered":"<p class=\"has-medium-font-size\"><em>Atilio Trovero celebr\u00f3 su primer podio de la temporada en el Evento #2 del Trofeo de Verano de RMC Buenos Aires, disputado en el kart\u00f3dromo \u201cRamiro Tot\u201d de Baradero. El piloto de Venado Tuerto complet\u00f3 la Final de la clase Mini Max en el P3.<\/em><\/p>\n<p><img decoding=\"async\" src=\"https:\/\/www.e-kartvirtualpress.com.ar\/atrovero\/atrovero_260315ro.jpg\" \/><\/p>\n<p><strong><br \/>\nBaradero, Buenos Aires.<\/strong> El Evento #2 del Trofeo de Verano de RMC Buenos Aires tuvo lugar el pasado fin de semana en el kart\u00f3dromo \u201cRamiro Tot\u201d de Baradero, donde Atilio Trovero integr\u00f3 el parque de la clase Mini Max. El joven piloto de Venado Tuerto, Santa Fe, fue parte de esta nueva cita del calendario del certamen, en su segunda presentaci\u00f3n de la temporada en la divisional.<\/p>\n<p>La actividad del s\u00e1bado comenz\u00f3 con la clasificaci\u00f3n, donde marc\u00f3 el 4\u00b0 mejor registro. Luego afront\u00f3 las dos mangas del d\u00eda, completando la primera en el P7 y logrando una gran recuperaci\u00f3n en la segunda, donde finaliz\u00f3 en el P3.<\/p>\n<p>Tras completar la jornada inicial, el joven santafesino analiz\u00f3 su desempe\u00f1o y el trabajo realizado junto a su equipo: <strong><em>\u201cArrancamos bien el fin de semana. En las pruebas nos desconcentramos mucho y no logramos un buen tiempo. En la primera manga no tuvimos una buena largada, pero en la segunda remontamos con un excelente ritmo y terminamos en el 3\u00b0 lugar. Tenemos que seguir trabajando en el manejo\u201d.<\/em><\/strong><\/p>\n<p>El domingo continu\u00f3 con las instancias decisivas del evento. En la tercera manga volvi\u00f3 a mostrarse competitivo y complet\u00f3 la carrera en el P3, resultado que lo posicion\u00f3 entre los protagonistas para la Final. En la competencia definitoria logr\u00f3 sostenerse en la pelea por los primeros lugares y cruz\u00f3 la meta en el P3, resultado que le permiti\u00f3 festejar desde el podio.<\/p>\n<p><img decoding=\"async\" src=\"https:\/\/www.e-kartvirtualpress.com.ar\/atrovero\/atrovero_3_260315ro.jpg\" \/><\/p>\n<p>Al cierre de la jornada, Trovero expres\u00f3 su satisfacci\u00f3n por el rendimiento conseguido durante todo el fin de semana: <strong><em>\u201cEstuvimos muy bien en las mangas y terminamos la Final en el P3. En la largada perdimos dos posiciones, pero volvimos a recuperarlas. No esperaba llegar al podio en la segunda carrera del a\u00f1o, me parec\u00eda dif\u00edcil, pero lo logramos. Este fin de semana estuvimos siempre peleando la punta. Estoy muy contento con el resultado\u201d.<\/em><\/strong><\/p>\n<p>Al finalizar su participaci\u00f3n en esta fecha del campeonato, el piloto de Venado Tuerto dedic\u00f3 unas palabras de agradecimiento a quienes lo acompa\u00f1an en su campa\u00f1a deportiva: <strong><em>\u201cQuiero agradecer a toda mi familia y amigos por el acompa\u00f1amiento de siempre, al equipo Darder Racing, especialmente a Fran Darder, a toda la gente de Venado Tuerto, a mis sponsors: Corven, Bribal Agro, L\u00fcsqtoff, Balanzas Hook, TransNatali SRL, Aibar, Aravia, Infinity, SpeedLider (Santa Fe sur)\u201d.<\/em><\/strong><\/p>\n<p>Con su participaci\u00f3n en el trazado de Baradero, Atilio Trovero complet\u00f3 una nueva presentaci\u00f3n dentro de la clase Mini Max del Trofeo de Verano de RMC Buenos Aires, donde se ubica en el P4 del campeonato con 124 puntos. La pr\u00f3xima competencia de RMC Buenos Aires ser\u00e1 el fin de semana del 4 y 5 de abril con el Evento #3 del Trofeo de Verano en el kart\u00f3dromo \u201cCiudad de Buenos Aires\u201d, en CABA.<\/p>\n<p><img decoding=\"async\" src=\"https:\/\/www.e-kartvirtualpress.com.ar\/atrovero\/atrovero_2_260315ro.jpg\" \/><\/p>\n<p>Ph. Lucas Garcia<br \/>\nInform\u00f3: E-Kart Virtual Press<\/p>\n","protected":false},"excerpt":{"rendered":"<p>Atilio Trovero celebr\u00f3 su primer podio de la temporada en el Evento #2 del Trofeo de Verano de RMC Buenos Aires, disputado en el kart\u00f3dromo \u201cRamiro Tot\u201d de Baradero. El piloto de Venado Tuerto complet\u00f3 la Final de la clase Mini Max en el P3.<\/p>\n","protected":false},"author":1,"featured_media":43014,"comment_status":"closed","ping_status":"closed","sticky":false,"template":"","format":"standard","meta":{"footnotes":""},"categories":[1948,1955],"tags":[],"class_list":["post-43013","post","type-post","status-publish","format-standard","has-post-thumbnail","hentry","category-pilotos-ekvp","category-rmc-buenos-aires"],"_links":{"self":[{"href":"https:\/\/e-kart.com.ar\/index.php?rest_route=\/wp\/v2\/posts\/43013","targetHints":{"allow":["GET"]}}],"collection":[{"href":"https:\/\/e-kart.com.ar\/index.php?rest_route=\/wp\/v2\/posts"}],"about":[{"href":"https:\/\/e-kart.com.ar\/index.php?rest_route=\/wp\/v2\/types\/post"}],"author":[{"embeddable":true,"href":"https:\/\/e-kart.com.ar\/index.php?rest_route=\/wp\/v2\/users\/1"}],"replies":[{"embeddable":true,"href":"https:\/\/e-kart.com.ar\/index.php?rest_route=%2Fwp%2Fv2%2Fcomments&post=43013"}],"version-history":[{"count":2,"href":"https:\/\/e-kart.com.ar\/index.php?rest_route=\/wp\/v2\/posts\/43013\/revisions"}],"predecessor-version":[{"id":43016,"href":"https:\/\/e-kart.com.ar\/index.php?rest_route=\/wp\/v2\/posts\/43013\/revisions\/43016"}],"wp:featuredmedia":[{"embeddable":true,"href":"https:\/\/e-kart.com.ar\/index.php?rest_route=\/wp\/v2\/media\/43014"}],"wp:attachment":[{"href":"https:\/\/e-kart.com.ar\/index.php?rest_route=%2Fwp%2Fv2%2Fmedia&parent=43013"}],"wp:term":[{"taxonomy":"category","embeddable":true,"href":"https:\/\/e-kart.com.ar\/index.php?rest_route=%2Fwp%2Fv2%2Fcategories&post=43013"},{"taxonomy":"post_tag","embeddable":true,"href":"https:\/\/e-kart.com.ar\/index.php?rest_route=%2Fwp%2Fv2%2Ftags&post=43013"}],"curies":[{"name":"wp","href":"https:\/\/api.w.org\/{rel}","templated":true}]}}