{"id":42987,"date":"2026-03-12T08:49:57","date_gmt":"2026-03-12T11:49:57","guid":{"rendered":"https:\/\/e-kart.com.ar\/?p=42987"},"modified":"2026-03-12T08:49:57","modified_gmt":"2026-03-12T11:49:57","slug":"kps-se-integra-a-la-frad4-santafesina","status":"publish","type":"post","link":"https:\/\/e-kart.com.ar\/?p=42987","title":{"rendered":"KPS: Se integra a la FRAD4 Santafesina"},"content":{"rendered":"\n<p class=\"has-medium-font-size\"><em>El Karting Provincial Santafesino (KPS) se incorpor\u00f3 oficialmente a la FRAD4 de Santa Fe, consolidando su estructura dentro del automovilismo federado y abriendo una nueva etapa para la categor\u00eda.<\/em><\/p>\n\n\n\n<figure class=\"wp-block-image size-full\"><a href=\"https:\/\/e-kart.com.ar\/wp-content\/uploads\/2026\/03\/foto-26.jpg\"><img loading=\"lazy\" decoding=\"async\" width=\"960\" height=\"524\" src=\"https:\/\/e-kart.com.ar\/wp-content\/uploads\/2026\/03\/foto-26.jpg\" alt=\"\" class=\"wp-image-42988\" srcset=\"https:\/\/e-kart.com.ar\/wp-content\/uploads\/2026\/03\/foto-26.jpg 960w, https:\/\/e-kart.com.ar\/wp-content\/uploads\/2026\/03\/foto-26-300x164.jpg 300w, https:\/\/e-kart.com.ar\/wp-content\/uploads\/2026\/03\/foto-26-768x419.jpg 768w\" sizes=\"auto, (max-width: 960px) 100vw, 960px\" \/><\/a><\/figure>\n\n\n\n<p><br><br><strong>Santa Fe, Capital.<\/strong> El Karting Provincial Santafesino (KPS) oficializ\u00f3 su incorporaci\u00f3n a la Federaci\u00f3n Regional de Automovilismo Deportivo N\u00b04 (FRAD4) de Santa Fe, marcando un paso significativo en el crecimiento institucional de la categor\u00eda dentro del automovilismo provincial.<\/p>\n\n\n\n<p>La categor\u00eda, que cuenta con el respaldo de la ACTC, comenzar\u00e1 a desarrollar su actividad deportiva bajo la \u00f3rbita de FRAD4, consolidando as\u00ed su estructura organizativa y reglamentaria dentro del automovilismo federado santafesino.<\/p>\n\n\n\n<p>Este paso abre una nueva etapa para el KPS, que contin\u00faa apostando al crecimiento del campeonato, al fortalecimiento de la actividad y al desarrollo de nuevos pilotos dentro del deporte motor santafesino.<\/p>\n\n\n\n<p>Desde la organizaci\u00f3n destacaron que este logro es el resultado del trabajo conjunto entre dirigentes, pilotos, equipos y colaboradores que forman parte de la categor\u00eda y que impulsan d\u00eda a d\u00eda el crecimiento del karting de asfalto en la provincia.<\/p>\n\n\n\n<p>De esta manera, el Karting Provincial Santafesino reafirma su compromiso con el desarrollo del automovilismo en Santa Fe, proyectando una categor\u00eda cada vez m\u00e1s s\u00f3lida, competitiva y organizada.<\/p>\n\n\n\n<p><br>Inform\u00f3: Prensa Karting Provincial Santafesino<\/p>\n","protected":false},"excerpt":{"rendered":"<p>El Karting Provincial Santafesino (KPS) se incorpor\u00f3 oficialmente a la FRAD4 de Santa Fe, consolidando su estructura dentro del automovilismo federado y abriendo una nueva etapa para la categor\u00eda.<\/p>\n","protected":false},"author":1,"featured_media":42988,"comment_status":"closed","ping_status":"closed","sticky":false,"template":"","format":"standard","meta":{"footnotes":""},"categories":[2039,2108],"tags":[],"class_list":["post-42987","post","type-post","status-publish","format-standard","has-post-thumbnail","hentry","category-breves","category-kps"],"_links":{"self":[{"href":"https:\/\/e-kart.com.ar\/index.php?rest_route=\/wp\/v2\/posts\/42987","targetHints":{"allow":["GET"]}}],"collection":[{"href":"https:\/\/e-kart.com.ar\/index.php?rest_route=\/wp\/v2\/posts"}],"about":[{"href":"https:\/\/e-kart.com.ar\/index.php?rest_route=\/wp\/v2\/types\/post"}],"author":[{"embeddable":true,"href":"https:\/\/e-kart.com.ar\/index.php?rest_route=\/wp\/v2\/users\/1"}],"replies":[{"embeddable":true,"href":"https:\/\/e-kart.com.ar\/index.php?rest_route=%2Fwp%2Fv2%2Fcomments&post=42987"}],"version-history":[{"count":1,"href":"https:\/\/e-kart.com.ar\/index.php?rest_route=\/wp\/v2\/posts\/42987\/revisions"}],"predecessor-version":[{"id":42989,"href":"https:\/\/e-kart.com.ar\/index.php?rest_route=\/wp\/v2\/posts\/42987\/revisions\/42989"}],"wp:featuredmedia":[{"embeddable":true,"href":"https:\/\/e-kart.com.ar\/index.php?rest_route=\/wp\/v2\/media\/42988"}],"wp:attachment":[{"href":"https:\/\/e-kart.com.ar\/index.php?rest_route=%2Fwp%2Fv2%2Fmedia&parent=42987"}],"wp:term":[{"taxonomy":"category","embeddable":true,"href":"https:\/\/e-kart.com.ar\/index.php?rest_route=%2Fwp%2Fv2%2Fcategories&post=42987"},{"taxonomy":"post_tag","embeddable":true,"href":"https:\/\/e-kart.com.ar\/index.php?rest_route=%2Fwp%2Fv2%2Ftags&post=42987"}],"curies":[{"name":"wp","href":"https:\/\/api.w.org\/{rel}","templated":true}]}}