{"id":42982,"date":"2026-03-11T19:55:08","date_gmt":"2026-03-11T22:55:08","guid":{"rendered":"https:\/\/e-kart.com.ar\/?p=42982"},"modified":"2026-03-11T19:55:09","modified_gmt":"2026-03-11T22:55:09","slug":"prokart-neuquino-se-presenta-en-roca-para-cumplir-la-segunda-fecha-de-su-calendario","status":"publish","type":"post","link":"https:\/\/e-kart.com.ar\/?p=42982","title":{"rendered":"PROKART NEUQUINO: Se presenta en Roca para cumplir la segunda fecha de su calendario"},"content":{"rendered":"\n<p class=\"has-medium-font-size\"><em>Luego de batir su r\u00e9cord hist\u00f3rico en la primera presentaci\u00f3n en Centenario, la categor\u00eda redobla la apuesta este fin de semana en el Aut\u00f3dromo Parque. Los detalles<\/em><\/p>\n\n\n\n<figure class=\"wp-block-image size-full\"><a href=\"https:\/\/e-kart.com.ar\/wp-content\/uploads\/2026\/03\/foto-24.jpg\"><img loading=\"lazy\" decoding=\"async\" width=\"960\" height=\"524\" src=\"https:\/\/e-kart.com.ar\/wp-content\/uploads\/2026\/03\/foto-24.jpg\" alt=\"\" class=\"wp-image-42983\" srcset=\"https:\/\/e-kart.com.ar\/wp-content\/uploads\/2026\/03\/foto-24.jpg 960w, https:\/\/e-kart.com.ar\/wp-content\/uploads\/2026\/03\/foto-24-300x164.jpg 300w, https:\/\/e-kart.com.ar\/wp-content\/uploads\/2026\/03\/foto-24-768x419.jpg 768w\" sizes=\"auto, (max-width: 960px) 100vw, 960px\" \/><\/a><\/figure>\n\n\n\n<p class=\"has-small-font-size\">Ph. Foto Vega<\/p>\n\n\n\n<p><br><strong>General Roca, R\u00edo Negro.<\/strong> Luego de la hist\u00f3rica primera fecha en Centenario en la que la categor\u00eda bati\u00f3 su record hist\u00f3rico de los \u00faltimos 3 a\u00f1os con m\u00e1s de 150 karting, el Prokart tiene todo listo para que este fin de semana se viva una verdadera fiesta del automovilismo en el Aut\u00f3dromo Parque de General Roca.<\/p>\n\n\n\n<p>El Prokart desembarca en el Valle Frutal de Rio Negro donde se disputar\u00e1 la segunda fecha de la temporada en la que se esperan muchos pilotos y grandes carreras.<\/p>\n\n\n\n<p>El cronograma de competencia ser\u00e1 el mismo que se utiliz\u00f3 en la primera fecha, teniendo entrenamientos oficiales el d\u00eda viernes, clasificaci\u00f3n y series el s\u00e1bado; y prefinales y finales el domingo.<\/p>\n\n\n\n<p>Las divisionales presentes ser\u00e1n Promocional, Junior 150, S\u00faper Sudam Senior, S\u00faper Sudam Master, Junior 125, 150 Light y su divisional graduados, Varilleros, 150 Pista y su divisional graduados; y la Escuela APPK.<\/p>\n\n\n\n<p>En la \u00faltima fecha, los ganadores fueron Cassio Lanigau (Promocional), Bautista Castillo (Escuela), Noah Vasicek (Junior 125), Eric Douglas (Varilleros), Luciano Pessino (Sudam Senior), Ezequien Ochoa (Light 150), Alejandro Biassi (Light 150 Graduados), Sami Menda\u00f1a (150 Pista), Pablo Blanco (150 Pista Graduados), Julian Pessino (Sudam M\u00e1ster) y Joaqu\u00edn Troncoso (150 Junior).<\/p>\n\n\n\n<p>Desde la organizaci\u00f3n informaron que el valor de las entradas es de $12.000 para ambas jornadas. Es decir que se paga 1 entrada para ingresar ambos d\u00edas.<\/p>\n\n\n\n<figure class=\"wp-block-image size-large is-resized\"><img decoding=\"async\" src=\"https:\/\/scontent.faep24-2.fna.fbcdn.net\/v\/t51.82787-15\/651160627_18344679040241655_3660024873372688138_n.jpg?_nc_cat=110&amp;ccb=1-7&amp;_nc_sid=13d280&amp;_nc_eui2=AeGib3_eK5ClqEXBQylTKhNn7z6TpVWXSZnvPpOlVZdJmUeZ6Z41J2pbU5Hi2_qwO--e1cjnMnffcIbs6jkH3EaQ&amp;_nc_ohc=vd5zhlsiarQQ7kNvwH-4hfx&amp;_nc_oc=AdnVJ_sC_KFSug5f_aoOPZ5dMugSvPHYM-UOd-31h1Y-YFOVmOjzBnT05mFGQ0veXl44FsVCLeK_02MGjFCeOE8L&amp;_nc_zt=23&amp;_nc_ht=scontent.faep24-2.fna&amp;_nc_gid=cwn90Grjo2yHY192bAlM1g&amp;_nc_ss=8&amp;oh=00_Afyxfpt5rUhGxVxwr20vuRQz8or2zlLBRrnFj--6WBVj0Q&amp;oe=69B7C425\" alt=\"\" style=\"width:953px\"\/><\/figure>\n\n\n\n<figure class=\"wp-block-image size-large\"><img decoding=\"async\" src=\"https:\/\/scontent.faep24-1.fna.fbcdn.net\/v\/t51.82787-15\/651049008_18344679049241655_3249316236750782542_n.jpg?_nc_cat=101&amp;ccb=1-7&amp;_nc_sid=13d280&amp;_nc_eui2=AeFMToGCjzbioF3q7HmAkMLf710JIyTIcpLvXQkjJMhykqUy5s7aSYtUMggNdnP1feuQee5thC9i7xY6N-SRqgE3&amp;_nc_ohc=4PY8p_aHW-QQ7kNvwF-zcuK&amp;_nc_oc=AdlufmnSRoBkQVXPdm2hP6iA0-0EFnL_Q6mpLZ0UTUI3tECXOtwDOuXxJlun4A99wg8tXGcDLfxn-tc-rN7fpc4U&amp;_nc_zt=23&amp;_nc_ht=scontent.faep24-1.fna&amp;_nc_gid=-kae8wI1OjgJl1SB85ie3g&amp;_nc_ss=8&amp;oh=00_Afy5ljqY0Tb2YN2KTJdlS711_0070lFnizmLMGJWDjXkaw&amp;oe=69B7B19E\" alt=\"\"\/><\/figure>\n\n\n\n<p><br>Fuente: Diario R\u00edo Negro (R\u00edo Negro)<\/p>\n","protected":false},"excerpt":{"rendered":"<p>Luego de batir su r\u00e9cord hist\u00f3rico en la primera presentaci\u00f3n en Centenario, la categor\u00eda redobla la apuesta este fin de semana en el Aut\u00f3dromo Parque. Los detalles<\/p>\n","protected":false},"author":1,"featured_media":42983,"comment_status":"closed","ping_status":"closed","sticky":false,"template":"","format":"standard","meta":{"footnotes":""},"categories":[2038,1982],"tags":[],"class_list":["post-42982","post","type-post","status-publish","format-standard","has-post-thumbnail","hentry","category-medios","category-prokart-neuquino"],"_links":{"self":[{"href":"https:\/\/e-kart.com.ar\/index.php?rest_route=\/wp\/v2\/posts\/42982","targetHints":{"allow":["GET"]}}],"collection":[{"href":"https:\/\/e-kart.com.ar\/index.php?rest_route=\/wp\/v2\/posts"}],"about":[{"href":"https:\/\/e-kart.com.ar\/index.php?rest_route=\/wp\/v2\/types\/post"}],"author":[{"embeddable":true,"href":"https:\/\/e-kart.com.ar\/index.php?rest_route=\/wp\/v2\/users\/1"}],"replies":[{"embeddable":true,"href":"https:\/\/e-kart.com.ar\/index.php?rest_route=%2Fwp%2Fv2%2Fcomments&post=42982"}],"version-history":[{"count":1,"href":"https:\/\/e-kart.com.ar\/index.php?rest_route=\/wp\/v2\/posts\/42982\/revisions"}],"predecessor-version":[{"id":42984,"href":"https:\/\/e-kart.com.ar\/index.php?rest_route=\/wp\/v2\/posts\/42982\/revisions\/42984"}],"wp:featuredmedia":[{"embeddable":true,"href":"https:\/\/e-kart.com.ar\/index.php?rest_route=\/wp\/v2\/media\/42983"}],"wp:attachment":[{"href":"https:\/\/e-kart.com.ar\/index.php?rest_route=%2Fwp%2Fv2%2Fmedia&parent=42982"}],"wp:term":[{"taxonomy":"category","embeddable":true,"href":"https:\/\/e-kart.com.ar\/index.php?rest_route=%2Fwp%2Fv2%2Fcategories&post=42982"},{"taxonomy":"post_tag","embeddable":true,"href":"https:\/\/e-kart.com.ar\/index.php?rest_route=%2Fwp%2Fv2%2Ftags&post=42982"}],"curies":[{"name":"wp","href":"https:\/\/api.w.org\/{rel}","templated":true}]}}