{"id":42980,"date":"2026-03-11T20:08:09","date_gmt":"2026-03-11T23:08:09","guid":{"rendered":"https:\/\/e-kart.com.ar\/?p=42980"},"modified":"2026-03-11T20:08:10","modified_gmt":"2026-03-11T23:08:10","slug":"riojano-todo-listo-para-el-inicio-de-la-temporada-oficial","status":"publish","type":"post","link":"https:\/\/e-kart.com.ar\/?p=42980","title":{"rendered":"RIOJANO: Todo listo para el inicio de la temporada oficial"},"content":{"rendered":"\n<p class=\"has-medium-font-size\"><em>El deporte motor volver\u00e1 a rugir este fin de semana en la zona Oeste de la capital riojana, donde se disputar\u00e1 la primera fecha del Campeonato de Karting y Motard, con la participaci\u00f3n de pilotos de distintas edades y categor\u00edas. Todo depender\u00e1 de las lluvias y las condiciones.<\/em><\/p>\n\n\n\n<figure class=\"wp-block-image size-full\"><a href=\"https:\/\/e-kart.com.ar\/wp-content\/uploads\/2026\/03\/foto-25.jpg\"><img loading=\"lazy\" decoding=\"async\" width=\"960\" height=\"524\" src=\"https:\/\/e-kart.com.ar\/wp-content\/uploads\/2026\/03\/foto-25.jpg\" alt=\"\" class=\"wp-image-42985\" srcset=\"https:\/\/e-kart.com.ar\/wp-content\/uploads\/2026\/03\/foto-25.jpg 960w, https:\/\/e-kart.com.ar\/wp-content\/uploads\/2026\/03\/foto-25-300x164.jpg 300w, https:\/\/e-kart.com.ar\/wp-content\/uploads\/2026\/03\/foto-25-768x419.jpg 768w\" sizes=\"auto, (max-width: 960px) 100vw, 960px\" \/><\/a><\/figure>\n\n\n\n<p class=\"has-small-font-size\">Ph. Nueva Rioja<\/p>\n\n\n\n<p><br><strong>La Rioja, Capital.<\/strong> Tras varios meses de espera, se cortar\u00e1 el receso del verano y vuelve la acci\u00f3n en un escenario magn\u00edfico que tiene el deporte motor riojano. El Kart\u00f3dromo se prepara para albergar un evento de gran importancia, que pondr\u00e1 primera con su actividad anual.<\/p>\n\n\n\n<p>La actividad comenzar\u00e1 el s\u00e1bado 14, jornada destinada a los entrenamientos oficiales, que dar\u00e1n inicio a partir de las 15:30, permitiendo a los competidores ultimar detalles y reconocer el circuito de cara a la competencia.<\/p>\n\n\n\n<p>En tanto, el domingo 15 se vivir\u00e1 la jornada principal, con clasificaciones, series y finales desde las 09:30, en lo que promete ser un espect\u00e1culo a pura velocidad y adrenalina para los amantes del deporte motor.<\/p>\n\n\n\n<p>En la modalidad Motard, las categor\u00edas estar\u00e1n divididas por edades y cilindradas, comenzando con Minimotos (8 y 9 a\u00f1os), Cadetes (10, 11 y 12 a\u00f1os) y Juniors (13 a 16 a\u00f1os). Tambi\u00e9n competir\u00e1n las categor\u00edas Promocionales (16 a\u00f1os en adelante) y 160cc (desde los 16 a\u00f1os), mientras que la organizaci\u00f3n inform\u00f3 que se reserva la potestad de realizar promociones de pilotos entre divisionales si as\u00ed lo considera.<\/p>\n\n\n\n<p>Por su parte, el Karting contar\u00e1 con las categor\u00edas Sthill, Cadetes, 110cc Juniors, 110cc Seniors y Kayak 150cc, completando un nutrido programa que reunir\u00e1 a j\u00f3venes promesas y pilotos experimentados del \u00e1mbito local y regional.<\/p>\n\n\n\n<p>De esta manera, el Kart\u00f3dromo riojano se prepara para recibir un nuevo cap\u00edtulo del automovilismo provincial, en un fin de semana que promete velocidad, competencia y el acompa\u00f1amiento del p\u00fablico que siempre dice presente en cada fecha.<\/p>\n\n\n\n<p><br>Fuente: Nueva Rioja (La Rioja)<\/p>\n","protected":false},"excerpt":{"rendered":"<p>El deporte motor volver\u00e1 a rugir este fin de semana en la zona Oeste de la capital riojana, donde se disputar\u00e1 la primera fecha del Campeonato de Karting y Motard, con la participaci\u00f3n de pilotos de distintas edades y categor\u00edas. Todo depender\u00e1 de las lluvias y las condiciones.<\/p>\n","protected":false},"author":1,"featured_media":42985,"comment_status":"closed","ping_status":"closed","sticky":false,"template":"","format":"standard","meta":{"footnotes":""},"categories":[2038,2035],"tags":[],"class_list":["post-42980","post","type-post","status-publish","format-standard","has-post-thumbnail","hentry","category-medios","category-riojano"],"_links":{"self":[{"href":"https:\/\/e-kart.com.ar\/index.php?rest_route=\/wp\/v2\/posts\/42980","targetHints":{"allow":["GET"]}}],"collection":[{"href":"https:\/\/e-kart.com.ar\/index.php?rest_route=\/wp\/v2\/posts"}],"about":[{"href":"https:\/\/e-kart.com.ar\/index.php?rest_route=\/wp\/v2\/types\/post"}],"author":[{"embeddable":true,"href":"https:\/\/e-kart.com.ar\/index.php?rest_route=\/wp\/v2\/users\/1"}],"replies":[{"embeddable":true,"href":"https:\/\/e-kart.com.ar\/index.php?rest_route=%2Fwp%2Fv2%2Fcomments&post=42980"}],"version-history":[{"count":2,"href":"https:\/\/e-kart.com.ar\/index.php?rest_route=\/wp\/v2\/posts\/42980\/revisions"}],"predecessor-version":[{"id":42986,"href":"https:\/\/e-kart.com.ar\/index.php?rest_route=\/wp\/v2\/posts\/42980\/revisions\/42986"}],"wp:featuredmedia":[{"embeddable":true,"href":"https:\/\/e-kart.com.ar\/index.php?rest_route=\/wp\/v2\/media\/42985"}],"wp:attachment":[{"href":"https:\/\/e-kart.com.ar\/index.php?rest_route=%2Fwp%2Fv2%2Fmedia&parent=42980"}],"wp:term":[{"taxonomy":"category","embeddable":true,"href":"https:\/\/e-kart.com.ar\/index.php?rest_route=%2Fwp%2Fv2%2Fcategories&post=42980"},{"taxonomy":"post_tag","embeddable":true,"href":"https:\/\/e-kart.com.ar\/index.php?rest_route=%2Fwp%2Fv2%2Ftags&post=42980"}],"curies":[{"name":"wp","href":"https:\/\/api.w.org\/{rel}","templated":true}]}}