{"id":42974,"date":"2026-03-11T18:28:20","date_gmt":"2026-03-11T21:28:20","guid":{"rendered":"https:\/\/e-kart.com.ar\/?p=42974"},"modified":"2026-03-15T23:49:49","modified_gmt":"2026-03-16T02:49:49","slug":"rmc-buenos-aires-se-viene-la-segunda-en-baradero","status":"publish","type":"post","link":"https:\/\/e-kart.com.ar\/?p=42974","title":{"rendered":"RMC BUENOS AIRES: Se viene la segunda en Baradero"},"content":{"rendered":"\n<p class=\"has-medium-font-size\"><em>RMC Buenos Aires afrontar\u00e1 el Evento #2 del Trofeo de Verano en el kart\u00f3dromo \u00abRamiro Tot\u00bb. M\u00e1s de 150 pilotos estar\u00e1n en pista y regresan los repechajes en Senior Max y Senior Nacional.<\/em><\/p>\n\n\n\n<figure class=\"wp-block-image size-full\"><a href=\"https:\/\/e-kart.com.ar\/wp-content\/uploads\/2026\/03\/foto-23.jpg\"><img loading=\"lazy\" decoding=\"async\" width=\"960\" height=\"524\" src=\"https:\/\/e-kart.com.ar\/wp-content\/uploads\/2026\/03\/foto-23.jpg\" alt=\"\" class=\"wp-image-42977\" srcset=\"https:\/\/e-kart.com.ar\/wp-content\/uploads\/2026\/03\/foto-23.jpg 960w, https:\/\/e-kart.com.ar\/wp-content\/uploads\/2026\/03\/foto-23-300x164.jpg 300w, https:\/\/e-kart.com.ar\/wp-content\/uploads\/2026\/03\/foto-23-768x419.jpg 768w\" sizes=\"auto, (max-width: 960px) 100vw, 960px\" \/><\/a><\/figure>\n\n\n\n<p class=\"has-small-font-size\">Ph. Juan P. Casella<\/p>\n\n\n\n<p><br><strong>Baradero, Buenos Aires.<\/strong> RMC Buenos Aires disputar\u00e1 este pr\u00f3ximo fin de semana el Evento #2 del Trofeo de Verano en el kart\u00f3dromo \u00abRamiro Tot\u00bb con sentido de giro antihorario, con m\u00e1s de 150 pilotos inscriptos y un esquema deportivo exigente.<\/p>\n\n\n\n<p>La segunda cita del calendario mantiene el formato habitual para las divisionales Max y DD2, pero incorpora nuevamente el repechaje en Senior Max y Senior Nacional, una instancia que definir\u00e1 los \u00faltimos seis lugares en las finales de ambas clases, completando el m\u00e1ximo de 36 kartings en grilla.<\/p>\n\n\n\n<p>La actividad comenzar\u00e1 el s\u00e1bado con entrenamientos oficiales desde las 09:00. Luego llegar\u00e1n las clasificaciones de las clases Max y DD2 desde las 11:20 y, tras el receso del mediod\u00eda, se disputar\u00e1n las mangas. Senior Max correr\u00e1 en grupos A y B, mientras que el resto de las divisionales afrontar\u00e1 sus bater\u00edas correspondientes. La jornada se completar\u00e1 con segundas mangas y entrenamientos para las categor\u00edas Nacionales.<\/p>\n\n\n\n<p>El domingo iniciar\u00e1 temprano con entrenamientos desde las 08:30 para las Nacionales, seguidos por sus clasificaciones. M\u00e1s tarde se correr\u00e1n las terceras mangas de las Max y DD2 y las series de Senior Nacional y Master Nacional. Por la tarde llegar\u00e1 el turno de las finales, comenzando a las 14:00 y extendi\u00e9ndose hasta las 16:40, cuando cierre la numerosa Senior Nacional.<\/p>\n\n\n\n<p>En el plano del campeonato, la referencia en Micro Max es Antonio Pugliesi con 84 puntos. En Mini Max lidera Juan C. Davancens con 98 unidades, mientras que en Junior Max manda Ian Taborda con 83.<br>En Senior Max, Juan I. Alessi encabeza la tabla con 84 puntos. En Master Max el l\u00edder es Gabriel De Lucca con 81, y en DD2 domina el campe\u00f3n Mat\u00edas Rodr\u00edguez con 98 unidades.<br>Finalmente entre las categor\u00edas Nacionales, Axel Zapata se ubica al frente en Senior con 55 puntos, y Diego Vigliercio lidera Master con 52 puntos.<br><\/p>\n\n\n<div class=\"wp-block-image\">\n<figure class=\"aligncenter size-full is-resized\"><a href=\"https:\/\/e-kart.com.ar\/wp-content\/uploads\/2026\/02\/Banner_HBB_700x135.jpg\"><img loading=\"lazy\" decoding=\"async\" width=\"700\" height=\"134\" src=\"https:\/\/e-kart.com.ar\/wp-content\/uploads\/2026\/02\/Banner_HBB_700x135.jpg\" alt=\"\" class=\"wp-image-42710\" style=\"aspect-ratio:5.2243731778425655;width:700px;height:auto\" srcset=\"https:\/\/e-kart.com.ar\/wp-content\/uploads\/2026\/02\/Banner_HBB_700x135.jpg 700w, https:\/\/e-kart.com.ar\/wp-content\/uploads\/2026\/02\/Banner_HBB_700x135-300x57.jpg 300w\" sizes=\"auto, (max-width: 700px) 100vw, 700px\" \/><\/a><\/figure>\n<\/div>\n\n\n<p class=\"has-medium-font-size\"><br><br><strong><mark style=\"background-color:rgba(0, 0, 0, 0)\" class=\"has-inline-color has-luminous-vivid-orange-color\">CRONOGRAMA<\/mark><\/strong><\/p>\n\n\n\n<p>El cronograma mantiene el formato tradicional. El s\u00e1bado estar\u00e1 destinado a entrenamientos oficiales, clasificaciones y las dos primeras mangas para las clases Max y la DD2, mientras que las Nacionales realizar\u00e1n \u00fanicamente ensayos. El domingo se completar\u00e1 la programaci\u00f3n con las definiciones de las Max y la DD2, y toda la actividad oficial de las divisionales Nacionales, incluyendo clasificaci\u00f3n, serie y final.<\/p>\n\n\n\n<figure class=\"wp-block-image size-large is-resized\"><a href=\"https:\/\/e-kart.com.ar\/wp-content\/uploads\/2026\/03\/4-Crono-SA-y-DO-E2-T.-Verano-2026-Repech-III-scaled.jpg\"><img loading=\"lazy\" decoding=\"async\" width=\"724\" height=\"1024\" src=\"https:\/\/e-kart.com.ar\/wp-content\/uploads\/2026\/03\/4-Crono-SA-y-DO-E2-T.-Verano-2026-Repech-III-724x1024.jpg\" alt=\"\" class=\"wp-image-42975\" style=\"width:960px\" srcset=\"https:\/\/e-kart.com.ar\/wp-content\/uploads\/2026\/03\/4-Crono-SA-y-DO-E2-T.-Verano-2026-Repech-III-724x1024.jpg 724w, https:\/\/e-kart.com.ar\/wp-content\/uploads\/2026\/03\/4-Crono-SA-y-DO-E2-T.-Verano-2026-Repech-III-212x300.jpg 212w, https:\/\/e-kart.com.ar\/wp-content\/uploads\/2026\/03\/4-Crono-SA-y-DO-E2-T.-Verano-2026-Repech-III-768x1086.jpg 768w, https:\/\/e-kart.com.ar\/wp-content\/uploads\/2026\/03\/4-Crono-SA-y-DO-E2-T.-Verano-2026-Repech-III-1086x1536.jpg 1086w, https:\/\/e-kart.com.ar\/wp-content\/uploads\/2026\/03\/4-Crono-SA-y-DO-E2-T.-Verano-2026-Repech-III-1448x2048.jpg 1448w, https:\/\/e-kart.com.ar\/wp-content\/uploads\/2026\/03\/4-Crono-SA-y-DO-E2-T.-Verano-2026-Repech-III-scaled.jpg 1811w\" sizes=\"auto, (max-width: 724px) 100vw, 724px\" \/><\/a><\/figure>\n\n\n\n<p class=\"has-medium-font-size\"><br><br><strong><mark style=\"background-color:rgba(0, 0, 0, 0)\" class=\"has-inline-color has-luminous-vivid-orange-color\">TRANSMISION DE WEBRADIO <\/mark><\/strong><\/p>\n\n\n\n<figure class=\"wp-block-audio\"><audio controls src=\"https:\/\/streaming1.locucionar.com\/proxy\/ekartradio?mp=\/stream\"><\/audio><\/figure>\n\n\n\n<p class=\"has-text-align-center\"><strong>Relatos:<\/strong> Luis \u00abPolaco\u00bb Nickus <strong>| Horarios:<\/strong> S\u00e1b 11:30 hs &#8211; Dom 10:50 hs<br><\/p>\n\n\n<div class=\"wp-block-image\">\n<figure class=\"aligncenter size-full\"><a href=\"https:\/\/e-kart.com.ar\/wp-content\/uploads\/2026\/02\/Banner_EVD_700x180.jpg\"><img loading=\"lazy\" decoding=\"async\" width=\"700\" height=\"180\" src=\"https:\/\/e-kart.com.ar\/wp-content\/uploads\/2026\/02\/Banner_EVD_700x180.jpg\" alt=\"\" class=\"wp-image-42711\" srcset=\"https:\/\/e-kart.com.ar\/wp-content\/uploads\/2026\/02\/Banner_EVD_700x180.jpg 700w, https:\/\/e-kart.com.ar\/wp-content\/uploads\/2026\/02\/Banner_EVD_700x180-300x77.jpg 300w\" sizes=\"auto, (max-width: 700px) 100vw, 700px\" \/><\/a><\/figure>\n<\/div>\n\n\n<p class=\"has-medium-font-size\"><br><br><strong><mark style=\"background-color:rgba(0, 0, 0, 0)\" class=\"has-inline-color has-luminous-vivid-orange-color\">TIEMPOS EN VIVO<\/mark><\/strong><\/p>\n\n\n\n<p><div style=\"width:100%; max-width:960px;\">\n  <iframe loading=\"lazy\" src=\"https:\/\/speedhive.mylaps.com\/LiveTiming\/QONLNRVR-2147484974\/Active\"\n    width=\"100%\"\n    height=\"510\"\n    style=\"border:0;\"\n    allowfullscreen>\n  <\/iframe>\n<\/div><\/p>\n\n\n\n<p><strong>Resultados Oficiales:<\/strong> <a href=\"https:\/\/speedhive.mylaps.com\/LiveTiming\/QONLNRVR-2147484974\" target=\"_blank\" rel=\"noreferrer noopener\">https:\/\/speedhive.mylaps.com\/LiveTiming\/QONLNRVR-2147484974<\/a><\/p>\n\n\n\n<h2 class=\"wp-block-heading has-medium-font-size\"><br><strong><mark style=\"background-color:rgba(0, 0, 0, 0)\" class=\"has-inline-color has-luminous-vivid-orange-color\">CAMPEONATOS<\/mark><\/strong><\/h2>\n\n\n\n<p>En <strong>Micro Max<\/strong>, Antonio Pugliesi encabeza con 84 puntos. Agust\u00edn Perchivatti lo sigue con 79, a solo 5 unidades, mientras que Hip\u00f3lito Lucero Perabo es tercero con 69, quedando a 15 del l\u00edder y a 10 del segundo.<\/p>\n\n\n\n<p>En <strong>Mini Max<\/strong>, Juan C. Davancens lidera con 98 puntos y marca una diferencia de 19 sobre Francisco Morgenstern, que suma 79. Tercero se ubica Juan Perea con 68, a 30 del puntero y a 11 del segundo.<\/p>\n\n\n\n<p>La <strong>Junior Max<\/strong> tiene a Ian Taborda al frente con 83 puntos. Valentino Diamante lo escolta con 74, a 9 unidades, y Santino Mateo es tercero con 60, a 23 del l\u00edder y a 14 del segundo.<\/p>\n\n\n\n<p>En <strong>Senior Max<\/strong>, Juan I. Alessi suma 84 puntos y lidera el campeonato. Thiago Falivene y Bautista Panetta comparten el segundo puesto con 76 unidades, ambos a 8 del puntero.<\/p>\n\n\n\n<p>La <strong>Master Max<\/strong> muestra a Gabriel De Lucca en lo m\u00e1s alto con 81 puntos. Lucas Sumabil es segundo con 75, a 6 unidades, mientras que Federico Silvestro suma 66, a 15 del l\u00edder y a 9 del escolta.<\/p>\n\n\n\n<p>En <strong>DD2<\/strong>, Mat\u00edas Rodr\u00edguez domina con 98 puntos. Nicol\u00e1s Fuca lo sigue con 77, a 21 unidades, y Franco Mica es tercero con 72, a 26 del puntero y a 5 del segundo.<\/p>\n\n\n\n<p>Entre las Nacionales, en <strong>Senior Nacional<\/strong> Axel Zapata lidera con 55 puntos. Juan D\u00edaz L\u00f3pez suma 41 y est\u00e1 a 14 unidades, mientras que Ludmila Ibarra es tercera con 40, a 15 del l\u00edder y a solo 1 del segundo.<\/p>\n\n\n\n<p>En <strong>Master Nacional<\/strong>, Diego Vigliercio encabeza con 52 puntos. Alejandro Larroca lo sigue con 40, a 12 unidades, y Dami\u00e1n Galgani es tercero con 37, a 15 del puntero y a 3 del escolta.<\/p>\n\n\n\n<p class=\"has-medium-font-size\"><br><strong><mark style=\"background-color:rgba(0, 0, 0, 0)\" class=\"has-inline-color has-luminous-vivid-orange-color\">CLIMA<\/mark><\/strong><\/p>\n\n\n    <a class=\"weatherwidget-io\"\r\n       href=\"https:\/\/forecast7.com\/es\/n33d81n59d50\/baradero\/\"\r\n       data-label_1=\"BARADERO\"\r\n       data-label_2=\"Buenos Aires\"\r\n       data-theme=\"pure\">\r\n        BARADERO Buenos Aires    <\/a>\r\n\r\n    <script>\r\n    !function(d,s,id){\r\n        var js,fjs=d.getElementsByTagName(s)[0];\r\n        if(!d.getElementById(id)){\r\n            js=d.createElement(s);\r\n            js.id=id;\r\n            js.src='https:\/\/weatherwidget.io\/js\/widget.min.js';\r\n            fjs.parentNode.insertBefore(js,fjs);\r\n        }\r\n    }(document,'script','weatherwidget-io-js');\r\n    <\/script>\r\n    \n\n\n\n<p><br><br>Con los campeonatos reci\u00e9n iniciados y el agregado del repechaje en dos divisionales clave, el segundo cap\u00edtulo del Verano asoma con una agenda cargada y puntos importantes en juego.<\/p>\n\n\n\n<p><br>Inform\u00f3: E-Kart.com.ar<\/p>\n","protected":false},"excerpt":{"rendered":"<p>RMC Buenos Aires afrontar\u00e1 el Evento #2 del Trofeo de Verano en el kart\u00f3dromo \u00abRamiro Tot\u00bb. M\u00e1s de 150 pilotos estar\u00e1n en pista y regresan los repechajes en Senior Max y Senior Nacional.<\/p>\n","protected":false},"author":1,"featured_media":42977,"comment_status":"closed","ping_status":"closed","sticky":false,"template":"","format":"standard","meta":{"footnotes":""},"categories":[2039,1955],"tags":[],"class_list":["post-42974","post","type-post","status-publish","format-standard","has-post-thumbnail","hentry","category-breves","category-rmc-buenos-aires"],"_links":{"self":[{"href":"https:\/\/e-kart.com.ar\/index.php?rest_route=\/wp\/v2\/posts\/42974","targetHints":{"allow":["GET"]}}],"collection":[{"href":"https:\/\/e-kart.com.ar\/index.php?rest_route=\/wp\/v2\/posts"}],"about":[{"href":"https:\/\/e-kart.com.ar\/index.php?rest_route=\/wp\/v2\/types\/post"}],"author":[{"embeddable":true,"href":"https:\/\/e-kart.com.ar\/index.php?rest_route=\/wp\/v2\/users\/1"}],"replies":[{"embeddable":true,"href":"https:\/\/e-kart.com.ar\/index.php?rest_route=%2Fwp%2Fv2%2Fcomments&post=42974"}],"version-history":[{"count":5,"href":"https:\/\/e-kart.com.ar\/index.php?rest_route=\/wp\/v2\/posts\/42974\/revisions"}],"predecessor-version":[{"id":42997,"href":"https:\/\/e-kart.com.ar\/index.php?rest_route=\/wp\/v2\/posts\/42974\/revisions\/42997"}],"wp:featuredmedia":[{"embeddable":true,"href":"https:\/\/e-kart.com.ar\/index.php?rest_route=\/wp\/v2\/media\/42977"}],"wp:attachment":[{"href":"https:\/\/e-kart.com.ar\/index.php?rest_route=%2Fwp%2Fv2%2Fmedia&parent=42974"}],"wp:term":[{"taxonomy":"category","embeddable":true,"href":"https:\/\/e-kart.com.ar\/index.php?rest_route=%2Fwp%2Fv2%2Fcategories&post=42974"},{"taxonomy":"post_tag","embeddable":true,"href":"https:\/\/e-kart.com.ar\/index.php?rest_route=%2Fwp%2Fv2%2Ftags&post=42974"}],"curies":[{"name":"wp","href":"https:\/\/api.w.org\/{rel}","templated":true}]}}