{"id":42968,"date":"2026-03-10T20:27:02","date_gmt":"2026-03-10T23:27:02","guid":{"rendered":"https:\/\/e-kart.com.ar\/?p=42968"},"modified":"2026-03-15T23:49:39","modified_gmt":"2026-03-16T02:49:39","slug":"rmc-buenos-aires-baradero-tendra-cronograma-extendido-y-regreso-del-repechaje","status":"publish","type":"post","link":"https:\/\/e-kart.com.ar\/?p=42968","title":{"rendered":"RMC BUENOS AIRES: Baradero tendr\u00e1 cronograma extendido y regreso del repechaje"},"content":{"rendered":"\n<p class=\"has-medium-font-size\"><em>RMC Buenos Aires confirm\u00f3 los horarios del Evento #2 del Trofeo de Verano en Baradero. Senior Max y Senior Nacional incorporan repechaje para completar sus finales.<\/em><\/p>\n\n\n\n<figure class=\"wp-block-image size-full\"><a href=\"https:\/\/e-kart.com.ar\/wp-content\/uploads\/2026\/03\/foto-22.jpg\"><img loading=\"lazy\" decoding=\"async\" width=\"960\" height=\"524\" src=\"https:\/\/e-kart.com.ar\/wp-content\/uploads\/2026\/03\/foto-22.jpg\" alt=\"\" class=\"wp-image-42970\" srcset=\"https:\/\/e-kart.com.ar\/wp-content\/uploads\/2026\/03\/foto-22.jpg 960w, https:\/\/e-kart.com.ar\/wp-content\/uploads\/2026\/03\/foto-22-300x164.jpg 300w, https:\/\/e-kart.com.ar\/wp-content\/uploads\/2026\/03\/foto-22-768x419.jpg 768w\" sizes=\"auto, (max-width: 960px) 100vw, 960px\" \/><\/a><\/figure>\n\n\n\n<p class=\"has-small-font-size\">Ph. Juan P. Casella<\/p>\n\n\n\n<p><br><strong>Olivos, Buenos Aires.<\/strong> RMC Buenos Aires disputar\u00e1 este 14 y 15 de marzo el Evento #2 del Trofeo de Verano, con un esquema deportivo ampliado y actividad intensa en el kart\u00f3dromo de Baradero.<\/p>\n\n\n\n<p>La segunda fecha mantiene el formato tradicional para las divisionales Max, DD2 y Nacionales, pero suma el regreso del repechaje en Senior Max y Senior Nacional. No se modifican los cupos de final \u2014que contin\u00faan con un m\u00e1ximo de 36 kartings en grilla\u2014, aunque s\u00ed se agrega una instancia adicional para definir los \u00faltimos clasificados.<\/p>\n\n\n\n<p>El s\u00e1bado estar\u00e1 dedicado a entrenamientos oficiales desde las 09:00 para todas las categor\u00edas. Luego se desarrollar\u00e1n las clasificaciones desde las 11:20 y, tras el receso de las 12:50, comenzar\u00e1n las mangas. Master Max abrir\u00e1 las bater\u00edas a las 13:30 y la actividad continuar\u00e1 con Junior Max, Mini Max, Micro Max, DD2 Max y Senior Max en sus grupos A y B. La jornada se completar\u00e1 con las segundas mangas y tandas oficiales para las categor\u00edas Nacionales hasta las 16:30.<\/p>\n\n\n<div class=\"wp-block-image\">\n<figure class=\"aligncenter size-full\"><a href=\"https:\/\/e-kart.com.ar\/wp-content\/uploads\/2026\/02\/Banner_EVD_700x180.jpg\"><img loading=\"lazy\" decoding=\"async\" width=\"700\" height=\"180\" src=\"https:\/\/e-kart.com.ar\/wp-content\/uploads\/2026\/02\/Banner_EVD_700x180.jpg\" alt=\"\" class=\"wp-image-42711\" srcset=\"https:\/\/e-kart.com.ar\/wp-content\/uploads\/2026\/02\/Banner_EVD_700x180.jpg 700w, https:\/\/e-kart.com.ar\/wp-content\/uploads\/2026\/02\/Banner_EVD_700x180-300x77.jpg 300w\" sizes=\"auto, (max-width: 700px) 100vw, 700px\" \/><\/a><\/figure>\n<\/div>\n\n\n<p><br>El domingo la actividad iniciar\u00e1 a las 08:30 con entrenamientos oficiales para Senior Nacional en sus grupos A y B y para Master Nacional. Desde las 10:40 se disputar\u00e1n las clasificaciones de las Nacionales. Las terceras mangas de las Max y DD2 comenzar\u00e1n a las 11:10 y las series de las Nacionales se pondr\u00e1n en marcha desde las 12:20.<\/p>\n\n\n\n<p>En Senior Max se disputar\u00e1n tres mangas para cada grupo. Los 30 mejores posicionados en el acumulado acceder\u00e1n directamente a la final, mientras que los seis siguientes buscar\u00e1n su lugar a trav\u00e9s del repechaje. El mismo criterio se aplicar\u00e1 en Senior Nacional, donde luego de las series A y B, los 30 mejores clasificados avanzar\u00e1n y los seis restantes surgir\u00e1n del repechaje para completar la grilla de 36.<\/p>\n\n\n\n<p>Las finales comenzar\u00e1n el domingo desde las 14:00 con Master Max y se extender\u00e1n hasta las 16:40, cerrando con la final de Senior Nacional. La ceremonia de premiaci\u00f3n est\u00e1 prevista para las 17:20.<\/p>\n\n\n<div class=\"wp-block-image\">\n<figure class=\"aligncenter size-full\"><a href=\"https:\/\/e-kart.com.ar\/wp-content\/uploads\/2026\/02\/Banner_HBB_700x135.jpg\"><img loading=\"lazy\" decoding=\"async\" width=\"700\" height=\"134\" src=\"https:\/\/e-kart.com.ar\/wp-content\/uploads\/2026\/02\/Banner_HBB_700x135.jpg\" alt=\"\" class=\"wp-image-42710\" srcset=\"https:\/\/e-kart.com.ar\/wp-content\/uploads\/2026\/02\/Banner_HBB_700x135.jpg 700w, https:\/\/e-kart.com.ar\/wp-content\/uploads\/2026\/02\/Banner_HBB_700x135-300x57.jpg 300w\" sizes=\"auto, (max-width: 700px) 100vw, 700px\" \/><\/a><\/figure>\n<\/div>\n\n\n<p><br>Baradero presentar\u00e1 as\u00ed un fin de semana con mayor volumen de competencia y una instancia extra que definir\u00e1 en pista los \u00faltimos lugares disponibles en las finales.<\/p>\n\n\n\n<p class=\"has-medium-font-size\"><br><strong><mark style=\"background-color:rgba(0, 0, 0, 0)\" class=\"has-inline-color has-luminous-vivid-orange-color\">CRONOGRAMA OFICIAL<\/mark><\/strong><\/p>\n\n\n\n<figure class=\"wp-block-image size-large is-resized\"><a href=\"https:\/\/e-kart.com.ar\/wp-content\/uploads\/2026\/03\/foto2-5.jpg\"><img loading=\"lazy\" decoding=\"async\" width=\"796\" height=\"1024\" src=\"https:\/\/e-kart.com.ar\/wp-content\/uploads\/2026\/03\/foto2-5-796x1024.jpg\" alt=\"\" class=\"wp-image-42969\" style=\"width:960px\" srcset=\"https:\/\/e-kart.com.ar\/wp-content\/uploads\/2026\/03\/foto2-5-796x1024.jpg 796w, https:\/\/e-kart.com.ar\/wp-content\/uploads\/2026\/03\/foto2-5-233x300.jpg 233w, https:\/\/e-kart.com.ar\/wp-content\/uploads\/2026\/03\/foto2-5-768x988.jpg 768w, https:\/\/e-kart.com.ar\/wp-content\/uploads\/2026\/03\/foto2-5.jpg 960w\" sizes=\"auto, (max-width: 796px) 100vw, 796px\" \/><\/a><\/figure>\n\n\n\n<p><br>Inform\u00f3: E-Kart.com.ar<\/p>\n","protected":false},"excerpt":{"rendered":"<p>RMC Buenos Aires confirm\u00f3 los horarios del Evento #2 del Trofeo de Verano en Baradero. Senior Max y Senior Nacional incorporan repechaje para completar sus finales.<\/p>\n","protected":false},"author":1,"featured_media":42970,"comment_status":"closed","ping_status":"closed","sticky":false,"template":"","format":"standard","meta":{"footnotes":""},"categories":[2039,1955],"tags":[],"class_list":["post-42968","post","type-post","status-publish","format-standard","has-post-thumbnail","hentry","category-breves","category-rmc-buenos-aires"],"_links":{"self":[{"href":"https:\/\/e-kart.com.ar\/index.php?rest_route=\/wp\/v2\/posts\/42968","targetHints":{"allow":["GET"]}}],"collection":[{"href":"https:\/\/e-kart.com.ar\/index.php?rest_route=\/wp\/v2\/posts"}],"about":[{"href":"https:\/\/e-kart.com.ar\/index.php?rest_route=\/wp\/v2\/types\/post"}],"author":[{"embeddable":true,"href":"https:\/\/e-kart.com.ar\/index.php?rest_route=\/wp\/v2\/users\/1"}],"replies":[{"embeddable":true,"href":"https:\/\/e-kart.com.ar\/index.php?rest_route=%2Fwp%2Fv2%2Fcomments&post=42968"}],"version-history":[{"count":2,"href":"https:\/\/e-kart.com.ar\/index.php?rest_route=\/wp\/v2\/posts\/42968\/revisions"}],"predecessor-version":[{"id":42973,"href":"https:\/\/e-kart.com.ar\/index.php?rest_route=\/wp\/v2\/posts\/42968\/revisions\/42973"}],"wp:featuredmedia":[{"embeddable":true,"href":"https:\/\/e-kart.com.ar\/index.php?rest_route=\/wp\/v2\/media\/42970"}],"wp:attachment":[{"href":"https:\/\/e-kart.com.ar\/index.php?rest_route=%2Fwp%2Fv2%2Fmedia&parent=42968"}],"wp:term":[{"taxonomy":"category","embeddable":true,"href":"https:\/\/e-kart.com.ar\/index.php?rest_route=%2Fwp%2Fv2%2Fcategories&post=42968"},{"taxonomy":"post_tag","embeddable":true,"href":"https:\/\/e-kart.com.ar\/index.php?rest_route=%2Fwp%2Fv2%2Ftags&post=42968"}],"curies":[{"name":"wp","href":"https:\/\/api.w.org\/{rel}","templated":true}]}}