{"id":42964,"date":"2026-03-10T19:49:37","date_gmt":"2026-03-10T22:49:37","guid":{"rendered":"https:\/\/e-kart.com.ar\/?p=42964"},"modified":"2026-03-10T19:49:37","modified_gmt":"2026-03-10T22:49:37","slug":"misionero-tierra-gran-comienzo-en-campo-grande","status":"publish","type":"post","link":"https:\/\/e-kart.com.ar\/?p=42964","title":{"rendered":"MISIONERO TIERRA: Gran comienzo en Campo Grande"},"content":{"rendered":"\n<p class=\"has-medium-font-size\"><em>Con buena participaci\u00f3n de pilotos de Misiones, Corrientes, Chaco y Paraguay, el Campeonato Misionero de Karting Terrado puso primera en Campo Grande con una jornada de intensas carreras y definiciones vibrantes.<\/em><\/p>\n\n\n\n<figure class=\"wp-block-image size-full\"><a href=\"https:\/\/e-kart.com.ar\/wp-content\/uploads\/2026\/03\/foto-21.jpg\"><img loading=\"lazy\" decoding=\"async\" width=\"960\" height=\"524\" src=\"https:\/\/e-kart.com.ar\/wp-content\/uploads\/2026\/03\/foto-21.jpg\" alt=\"\" class=\"wp-image-42965\" srcset=\"https:\/\/e-kart.com.ar\/wp-content\/uploads\/2026\/03\/foto-21.jpg 960w, https:\/\/e-kart.com.ar\/wp-content\/uploads\/2026\/03\/foto-21-300x164.jpg 300w, https:\/\/e-kart.com.ar\/wp-content\/uploads\/2026\/03\/foto-21-768x419.jpg 768w\" sizes=\"auto, (max-width: 960px) 100vw, 960px\" \/><\/a><\/figure>\n\n\n\n<p class=\"has-small-font-size\">Ph. Prensa FMMCEYK<\/p>\n\n\n\n<p><br><strong>Campo Grande, Misiones.<\/strong> La 1\u00aa fecha del Campeonato Misionero de Karting terrado, que fiscaliza la Federaci\u00f3n de Motociclismo, Motocross, Cuatriciclos, Enduro y Karting de Misiones (FMMCEyK) se realiz\u00f3 el s\u00e1bado por la noche en el Kart\u00f3dromo Mauro Nichueda de Campo Grande, ante un buen marco de p\u00fablico y con grandes carreras.<\/p>\n\n\n\n<p>Por la tarde se disputaron las clasificaciones que quedaron en mano de Felipe Horeyco (Copa Luqstoff), Paulo Weremczuk (110cc), Marcos Cigelski (Superkart), Mair\u00fa Herrera (Est\u00e1ndar), Fabio Malander (Senior), Oscar Herrera (Veteranos). Franco Stockmans (M\u00e1ster) y Dylan Delgado (Junior).<\/p>\n\n\n\n<p>Antes de que caiga la noche se disputaron las series y las finales de los pilotos m\u00e1s peque\u00f1os. En la Final de la Copa Luqstoff venci\u00f3 Felipe Horeyco y el podio lo completaron Valentino Barchuk y Valentino Rotzen. En la 110cc el local Paulo Weremczuk celebr\u00f3 ante su gente y se alz\u00f3 con todos los puntos en juego. El podio lo completaron Bautista Gabrouski y Henri Gruss.<\/p>\n\n\n\n<p>Cuando apareci\u00f3 la luna, Jos\u00e9 Luis Gonz\u00e1lez se llev\u00f3 la segunda serie de la M\u00e1ster, que fue la m\u00e1s r\u00e1pidas de las dos. La primera hab\u00eda quedado en manos del piloto de Puerto Rico Franco Stockmans. El resto de las series fueron ganadas por Dylan Delgado (Junior), Oscar Herrera (Veteranos), Franco Finke (Senior y Superkart), Valentino Fern\u00e1ndez (Est\u00e1ndar).<\/p>\n\n\n\n<p>Ya entrada la noche lleg\u00f3 el tiempo de las finales. En Veteranos hubo un intenso duelo entre el posade\u00f1o Oscar Herrera y el eldoradense Juan Carlos Bogado. El piloto del Team Bogado presion\u00f3 al poleman toda la carrera y sobre el final tuvo su premio ya que el kart de Herrera empez\u00f3 a tener un problema el\u00e9ctrico. As\u00ed celebr\u00f3 Bogado, seguido por Herrera, que pudo aguantar el segundo lugar y tercero lleg\u00f3 el campe\u00f3n Eduardo Tomasino, quien hizo una gran remontada.<\/p>\n\n\n\n<p>En la Junior el posade\u00f1o Dylan Delgado, no tuvo rivales y gan\u00f3 tranquilo con m\u00e1s de 35 segundos de ventajas. Si hubo una intensa pelea por el segundo lugar entre el posade\u00f1o Giancarlos R\u00edos y el local Luccio Sartori. El posade\u00f1o sac\u00f3 el manual de la defensa y aguanto todos los ataques para terminar segundo. Sartori cerr\u00f3 el podio.<\/p>\n\n\n\n<figure class=\"wp-block-image size-large\"><img decoding=\"async\" src=\"https:\/\/scontent.ffdo24-3.fna.fbcdn.net\/v\/t39.30808-6\/646568155_1398966892029034_144445019994248437_n.jpg?_nc_cat=107&amp;ccb=1-7&amp;_nc_sid=13d280&amp;_nc_eui2=AeGi7F8Qp9naeJnjT-F5bH0b3E3Io120tu7cTcijXbS27oPMpc5WvdG6PNlM36wNtelVT3WT0YR-WAcC9aHE4Tva&amp;_nc_ohc=xCO9Fo6XR1gQ7kNvwG_Jvi3&amp;_nc_oc=AdnoIDWN5vPMoHws-qcRCSmXzj8HMtg_TTpuWgf86XEahQIrmlniC_Nm8OIHnKu3jw0S0JoXqlQMR_ClowF5a8s-&amp;_nc_zt=23&amp;_nc_ht=scontent.ffdo24-3.fna&amp;_nc_gid=nzxCMRXsBMMbIpPjQKmq9Q&amp;_nc_ss=8&amp;oh=00_AfyEAdvbMBQyjzTKWXFYv5Joo81gt8gVUVaDy26tk-hMTg&amp;oe=69B67394\" alt=\"\"\/><\/figure>\n\n\n\n<p class=\"has-small-font-size\">Ph. Prensa FMMCEYK<\/p>\n\n\n\n<p><br>En la Senior, Fabio Malander madrug\u00f3 a Franco Finke y se escap\u00f3 adelante. El piloto de Arist\u00f3bulo del Valle intent\u00f3 por todos lados, pero el de Jard\u00edn Am\u00e9rica cerr\u00f3 la puerta, se peg\u00f3 a la cuerda y gan\u00f3 la primera del a\u00f1o. Segundo fue Finke y tercero lleg\u00f3 Nicol\u00e1s Vedoya.<\/p>\n\n\n\n<p>En la Est\u00e1ndar, Mat\u00edas Prestes tuvo problemas en la vuelta previa, pero lo pudo solucionar y largar. El posade\u00f1o Valent\u00edn Fern\u00e1ndez hizo la punta en los primeros giros, pero se complic\u00f3 y Nahuel Kleibert pas\u00f3 al frente. La alegr\u00eda le dur\u00f3 poco el local entr\u00f3 en trompo y factur\u00f3 Prestes, que se vino y tom\u00f3 la punta de la carrera. Ah\u00ed se arm\u00f3 otra carrera con Prestes, Gonzalo Weiss y Tomas Horeyco peleando por la punta de la carrera.<\/p>\n\n\n\n<p>Prestes aguant\u00f3 y celebr\u00f3 con su equipo que tanto trabaj\u00f3 para que largue, Weiss fue segundo y volvi\u00f3 al podio despu\u00e9s de 2 a\u00f1o y tercero lleg\u00f3 Horeyco que estren\u00f3 su nuevo chasis con un podio. Gran avance de Mair\u00fa Herrera y Santino Dall Agnese. Los dos largaron 15 y 16 y pudieron avanzar hasta llegar 4 y 5 respectivamente.<\/p>\n\n\n\n<p>En la M\u00e1ster, el piloto de Puerto Rico Franco Stockmans hizo una gran largada y salt\u00f3 del segundo al primer puesto. Luego aprovech\u00f3 la pelea entre el posade\u00f1o Nazareo Da Cruz y el correntino Jos\u00e9 Luis Gonz\u00e1lez para escaparse y ganar tranquilo. La pelea por el segundo lugar acapar\u00f3 la tensi\u00f3n y fue para Da Cruz, seguido por Gonz\u00e1lez.<\/p>\n\n\n\n<p>La final de los Superkart fue muy emocionante y tuvo una definici\u00f3n ins\u00f3lita. Franco Finke domin\u00f3 gran parte de la carrera, pero el campe\u00f3n Marcos Cigelski hizo una gran maniobra faltando tres vueltas para el final y pas\u00f3 a liderar la competencia. En el giro final Finke busc\u00f3 por afuera en la primera curva y termin\u00f3 haciendo trompo, pero pudo seguir desde el tercer lugar. Parec\u00eda que ganaba Cigelski, pero dos curvas m\u00e1s adelante un problema mec\u00e1nico hizo que abandone.<\/p>\n\n\n\n<p>Jos\u00e9 Carballo, tom\u00f3 la punta, pero Finke se recuper\u00f3 y en la \u00faltima curva pudo pasar a Carballo y ganar la primera del a\u00f1o. Segundo lleg\u00f3 Carballo y tercero fue Mateo Andruszczuk, para cerrar una noche so\u00f1ada con grandes carreras.<\/p>\n\n\n\n<p>La fecha tuvo casi 90 pilotos anotados y hubo piloto de Paraguay, Corrientes, Chaco y de toda la provincia. La Federaci\u00f3n le dio la bienvenida a los 9 pilotos debutantes que tuvo la primera fecha.<\/p>\n\n\n\n<figure class=\"wp-block-image size-large\"><img decoding=\"async\" src=\"https:\/\/scontent.faep24-1.fna.fbcdn.net\/v\/t39.30808-6\/649452784_1402028058389584_2574265806886938673_n.jpg?_nc_cat=101&amp;ccb=1-7&amp;_nc_sid=13d280&amp;_nc_eui2=AeEilqGuVi8z4Xq8YZb2GxNIhZWF80eiZ0KFlYXzR6JnQqhY8iak5ZSvth6UWNv5cOqv20JdpCxTbm3GaSq0O3Nm&amp;_nc_ohc=pFjS3SllxNwQ7kNvwH-vlcQ&amp;_nc_oc=AdlozZgxkcFV4cDdvvAQ6IIjvFvmTLQkEpCijSAOol4ljAS8MdYOHWjhyZWzdw7yFdY6mqw-hcXskDKxs-OQJ4DZ&amp;_nc_zt=23&amp;_nc_ht=scontent.faep24-1.fna&amp;_nc_gid=p-MD2KgGpXs-He1VAtcrnA&amp;_nc_ss=8&amp;oh=00_AfzWQUEWfoTm_ZpAofFfVLN9Ab1Q1QSQUfIHdnMZO3aEIA&amp;oe=69B67A10\" alt=\"\"\/><\/figure>\n\n\n\n<p class=\"has-small-font-size\">Ph. Prensa FMMCEYK<\/p>\n\n\n\n<p><br>La pr\u00f3xima fecha, la segunda del calendario, se disputar\u00e1 el 4 y 5 de abril en el kart\u00f3dromo terrado ubicado en el Aut\u00f3dromo Ciudad de Eldorado.<\/p>\n\n\n\n<p><br>Fuente: El D\u00f3polis (Misiones)<\/p>\n","protected":false},"excerpt":{"rendered":"<p>Con buena participaci\u00f3n de pilotos de Misiones, Corrientes, Chaco y Paraguay, el Campeonato Misionero de Karting Terrado puso primera en Campo Grande con una jornada de intensas carreras y definiciones vibrantes.<\/p>\n","protected":false},"author":1,"featured_media":42965,"comment_status":"closed","ping_status":"closed","sticky":false,"template":"","format":"standard","meta":{"footnotes":""},"categories":[2038,1971],"tags":[],"class_list":["post-42964","post","type-post","status-publish","format-standard","has-post-thumbnail","hentry","category-medios","category-misionero-tierra"],"_links":{"self":[{"href":"https:\/\/e-kart.com.ar\/index.php?rest_route=\/wp\/v2\/posts\/42964","targetHints":{"allow":["GET"]}}],"collection":[{"href":"https:\/\/e-kart.com.ar\/index.php?rest_route=\/wp\/v2\/posts"}],"about":[{"href":"https:\/\/e-kart.com.ar\/index.php?rest_route=\/wp\/v2\/types\/post"}],"author":[{"embeddable":true,"href":"https:\/\/e-kart.com.ar\/index.php?rest_route=\/wp\/v2\/users\/1"}],"replies":[{"embeddable":true,"href":"https:\/\/e-kart.com.ar\/index.php?rest_route=%2Fwp%2Fv2%2Fcomments&post=42964"}],"version-history":[{"count":1,"href":"https:\/\/e-kart.com.ar\/index.php?rest_route=\/wp\/v2\/posts\/42964\/revisions"}],"predecessor-version":[{"id":42966,"href":"https:\/\/e-kart.com.ar\/index.php?rest_route=\/wp\/v2\/posts\/42964\/revisions\/42966"}],"wp:featuredmedia":[{"embeddable":true,"href":"https:\/\/e-kart.com.ar\/index.php?rest_route=\/wp\/v2\/media\/42965"}],"wp:attachment":[{"href":"https:\/\/e-kart.com.ar\/index.php?rest_route=%2Fwp%2Fv2%2Fmedia&parent=42964"}],"wp:term":[{"taxonomy":"category","embeddable":true,"href":"https:\/\/e-kart.com.ar\/index.php?rest_route=%2Fwp%2Fv2%2Fcategories&post=42964"},{"taxonomy":"post_tag","embeddable":true,"href":"https:\/\/e-kart.com.ar\/index.php?rest_route=%2Fwp%2Fv2%2Ftags&post=42964"}],"curies":[{"name":"wp","href":"https:\/\/api.w.org\/{rel}","templated":true}]}}