{"id":42959,"date":"2026-03-10T18:03:35","date_gmt":"2026-03-10T21:03:35","guid":{"rendered":"https:\/\/e-kart.com.ar\/?p=42959"},"modified":"2026-03-10T18:05:09","modified_gmt":"2026-03-10T21:05:09","slug":"kdo-notable-paridad-y-vibrantes-espectaculos-en-el-inicio-del-2026","status":"publish","type":"post","link":"https:\/\/e-kart.com.ar\/?p=42959","title":{"rendered":"KDO: Notable paridad y vibrantes espect\u00e1culos en el inicio del 2026"},"content":{"rendered":"\n<p class=\"has-medium-font-size\"><em>El Campeonato Apertura del Kart del Oeste puso en marcha su temporada con la primera fecha disputada en el kart\u00f3dromo de Trenque Lauquen. Varias divisionales mostraron una marcada paridad en pista y dejaron un arranque muy competitivo para el certamen 2026.<\/em><\/p>\n\n\n\n<figure class=\"wp-block-image size-full\"><a href=\"https:\/\/e-kart.com.ar\/wp-content\/uploads\/2026\/03\/foto-20.jpg\"><img loading=\"lazy\" decoding=\"async\" width=\"960\" height=\"524\" src=\"https:\/\/e-kart.com.ar\/wp-content\/uploads\/2026\/03\/foto-20.jpg\" alt=\"\" class=\"wp-image-42961\" srcset=\"https:\/\/e-kart.com.ar\/wp-content\/uploads\/2026\/03\/foto-20.jpg 960w, https:\/\/e-kart.com.ar\/wp-content\/uploads\/2026\/03\/foto-20-300x164.jpg 300w, https:\/\/e-kart.com.ar\/wp-content\/uploads\/2026\/03\/foto-20-768x419.jpg 768w\" sizes=\"auto, (max-width: 960px) 100vw, 960px\" \/><\/a><\/figure>\n\n\n\n<p class=\"has-small-font-size\">Ph. Bruno Zaccarello<\/p>\n\n\n\n<p><br><strong>Trenque Lauquen, Buenos Aires.<\/strong> El Campeonato Apertura del Kart del Oeste puso primera este \u00faltimo fin de semana en el Kart\u00f3dromo \u201cCiudad de Trenque Lauquen\u201d, colmando las expectativas generadas durante el receso estival tras los cambios t\u00e9cnicos y organizativos anunciados por la categor\u00eda. <\/p>\n\n\n\n<p>Con un interesante parque de m\u00e1quinas y pilotos provenientes de distintas localidades de la provincia de Buenos Aires, La Pampa, R\u00edo Negro y Neuqu\u00e9n, el certamen dej\u00f3 en claro su proyecci\u00f3n para una temporada 2026 que promete alto nivel de competitividad.<\/p>\n\n\n\n<p>En lo deportivo, Nicol\u00e1s Villa fue el m\u00e1s r\u00e1pido en clasificaci\u00f3n dentro de la KAYAK 250cc Pesados y extendi\u00f3 su dominio en la primera final, conteniendo los ataques de Roberto Berterreix y Mariano Rebollo. En la segunda competencia, Rebollo tom\u00f3 revancha y se qued\u00f3 con la victoria de manera contundente. El podio lo completaron Villa y el trenquelauquense Patricio Font.<\/p>\n\n\n\n<p>La divisional ROTAX MICRO concret\u00f3 su primera aparici\u00f3n en pista con Isidro Mayor marcando la pole position en una ajustad\u00edsima clasificaci\u00f3n, aventajando por apenas 0s004 a Mateo \u00c1lvarez y por 0s013 a Justo Fern\u00e1ndez. La primera final entreg\u00f3 un duelo fant\u00e1stico entre estos tres protagonistas, prevaleciendo \u00c1lvarez sobre el cierre al superar en la misma l\u00ednea de meta al tejedorense Mayor, mientras Fern\u00e1ndez segu\u00eda muy de cerca las alternativas.<\/p>\n\n\n\n<p>En la segunda competencia, Fern\u00e1ndez logr\u00f3 establecer una diferencia considerable para alcanzar el triunfo, escoltado por Mateo \u00c1lvarez y el pellegrinense Gaspar Berterreix, quien adem\u00e1s marc\u00f3 el r\u00e9cord de vuelta.<\/p>\n\n\n\n<p>La categor\u00eda JUNIOR estren\u00f3 motorizaci\u00f3n ROTAX en este comienzo de campeonato y tuvo a Gabriel Pender Assone como poleman por apenas 0s022 sobre Gonzalo Vera. Sin embargo, en las finales aparecieron nuevos protagonistas que elevaron la competitividad de la especialidad. Valentino Pedrani se llev\u00f3 la victoria en la primera final tras un intenso duelo con el suarense Thiago Popp, mientras Pender Assone complet\u00f3 el podio.<\/p>\n\n\n\n<p>El piloto colonense repiti\u00f3 triunfo en la segunda competencia, esta vez con mayor contundencia. Gonzalo Vera finaliz\u00f3 como escolta y el deroense Lucio Guevara, uno de los debutantes del fin de semana, ocup\u00f3 el tercer escal\u00f3n del podio.<\/p>\n\n\n\n<p>La ROTAX MENORES sorprendi\u00f3 por su notable paridad: los once pilotos participantes quedaron encerrados dentro del segundo respecto al mejor registro de clasificaci\u00f3n marcado por Valentino Alaux. El trenquelauquense domin\u00f3 la primera final tras sostener un gran duelo con el campe\u00f3n Valent\u00edn Luj\u00e1n, mientras Facundo Arellano se ubic\u00f3 tercero.<\/p>\n\n\n\n<p>La segunda carrera fue uno de los espect\u00e1culos m\u00e1s destacados del fin de semana. Arellano, Alaux y Vallasciani protagonizaron una intensa lucha por la victoria en un desarrollo vibrante que termin\u00f3 favoreciendo al joven bahiense Arellano. El podio se complet\u00f3 con Valentino Alaux y Bautista Vallasciani, otro representante de Bah\u00eda Blanca.<\/p>\n\n\n\n<figure class=\"wp-block-image size-large is-resized\"><a href=\"https:\/\/e-kart.com.ar\/wp-content\/uploads\/2026\/03\/WhatsApp-Image-2026-03-10-at-10.22.44-AM.jpeg\"><img loading=\"lazy\" decoding=\"async\" width=\"1024\" height=\"683\" src=\"https:\/\/e-kart.com.ar\/wp-content\/uploads\/2026\/03\/WhatsApp-Image-2026-03-10-at-10.22.44-AM-1024x683.jpeg\" alt=\"\" class=\"wp-image-42960\" style=\"width:960px\" srcset=\"https:\/\/e-kart.com.ar\/wp-content\/uploads\/2026\/03\/WhatsApp-Image-2026-03-10-at-10.22.44-AM-1024x683.jpeg 1024w, https:\/\/e-kart.com.ar\/wp-content\/uploads\/2026\/03\/WhatsApp-Image-2026-03-10-at-10.22.44-AM-300x200.jpeg 300w, https:\/\/e-kart.com.ar\/wp-content\/uploads\/2026\/03\/WhatsApp-Image-2026-03-10-at-10.22.44-AM-768x512.jpeg 768w, https:\/\/e-kart.com.ar\/wp-content\/uploads\/2026\/03\/WhatsApp-Image-2026-03-10-at-10.22.44-AM.jpeg 1500w\" sizes=\"auto, (max-width: 1024px) 100vw, 1024px\" \/><\/a><\/figure>\n\n\n\n<p class=\"has-small-font-size\">Ph. Bruno Zaccarello<\/p>\n\n\n\n<p>La ROTAX SENIOR present\u00f3 un inmejorable inicio con 17 m\u00e1quinas en pista. Laureano Gruat fue el m\u00e1s veloz en clasificaci\u00f3n, en una tanda que mostr\u00f3 una gran paridad con 14 pilotos dentro del segundo. El bahiense, integrando un nuevo proyecto deportivo, aprovech\u00f3 su condici\u00f3n de poleman para dominar la primera final, conteniendo al santarrose\u00f1o Mauro Cacciatore y al trenquelauquense Javier Garc\u00eda Mazzaro.<\/p>\n\n\n\n<p>La segunda carrera qued\u00f3 en manos de Marcos Castro, quien se impuso con una destacada actuaci\u00f3n. Emiliano Szakola finaliz\u00f3 como escolta, mientras Gruat complet\u00f3 el podio sumando puntos importantes en el arranque del campeonato.<\/p>\n\n\n\n<p>Tambi\u00e9n tuvo su debut la categor\u00eda RECREATIVA, incorporada al cronograma con el objetivo de fomentar la pr\u00e1ctica del karting en edades tempranas. Cinco peque\u00f1os pilotos participaron de esta modalidad formativa que busca acompa\u00f1ar los primeros pasos de los m\u00e1s chicos dentro de la actividad.<\/p>\n\n\n\n<p>De esta manera, el KDO vivi\u00f3 un gran comienzo de temporada, acompa\u00f1ado por un importante marco de participantes y p\u00fablico. Un inicio que ratifica las expectativas generadas por las innovaciones implementadas y que impulsa a la dirigencia a seguir trabajando en el crecimiento del parque y la competitividad de cada una de sus divisionales.<\/p>\n\n\n\n<p>La pr\u00f3xima fecha del campeonato se disputar\u00e1 los d\u00edas 4 y 5 de abril, nuevamente en el kart\u00f3dromo de Trenque Lauquen.<\/p>\n\n\n\n<p class=\"has-small-font-size\"><br><strong><mark style=\"background-color:rgba(0, 0, 0, 0)\" class=\"has-inline-color has-luminous-vivid-orange-color\">TIEMPOS OFICIALES: <\/mark><\/strong><a href=\"https:\/\/speedhive.mylaps.com\/events\/3364604\" target=\"_blank\" rel=\"noreferrer noopener\">https:\/\/speedhive.mylaps.com\/events\/3364604<\/a><\/p>\n\n\n\n<p><br>Inform\u00f3: Prensa KDO<\/p>\n","protected":false},"excerpt":{"rendered":"<p>El Campeonato Apertura del Kart del Oeste puso en marcha su temporada con la primera fecha disputada en el kart\u00f3dromo de Trenque Lauquen. Varias divisionales mostraron una marcada paridad en pista y dejaron un arranque muy competitivo para el certamen 2026.<\/p>\n","protected":false},"author":1,"featured_media":42961,"comment_status":"closed","ping_status":"closed","sticky":false,"template":"","format":"standard","meta":{"footnotes":""},"categories":[2039,2069],"tags":[],"class_list":["post-42959","post","type-post","status-publish","format-standard","has-post-thumbnail","hentry","category-breves","category-kdo-bonaerense"],"_links":{"self":[{"href":"https:\/\/e-kart.com.ar\/index.php?rest_route=\/wp\/v2\/posts\/42959","targetHints":{"allow":["GET"]}}],"collection":[{"href":"https:\/\/e-kart.com.ar\/index.php?rest_route=\/wp\/v2\/posts"}],"about":[{"href":"https:\/\/e-kart.com.ar\/index.php?rest_route=\/wp\/v2\/types\/post"}],"author":[{"embeddable":true,"href":"https:\/\/e-kart.com.ar\/index.php?rest_route=\/wp\/v2\/users\/1"}],"replies":[{"embeddable":true,"href":"https:\/\/e-kart.com.ar\/index.php?rest_route=%2Fwp%2Fv2%2Fcomments&post=42959"}],"version-history":[{"count":2,"href":"https:\/\/e-kart.com.ar\/index.php?rest_route=\/wp\/v2\/posts\/42959\/revisions"}],"predecessor-version":[{"id":42963,"href":"https:\/\/e-kart.com.ar\/index.php?rest_route=\/wp\/v2\/posts\/42959\/revisions\/42963"}],"wp:featuredmedia":[{"embeddable":true,"href":"https:\/\/e-kart.com.ar\/index.php?rest_route=\/wp\/v2\/media\/42961"}],"wp:attachment":[{"href":"https:\/\/e-kart.com.ar\/index.php?rest_route=%2Fwp%2Fv2%2Fmedia&parent=42959"}],"wp:term":[{"taxonomy":"category","embeddable":true,"href":"https:\/\/e-kart.com.ar\/index.php?rest_route=%2Fwp%2Fv2%2Fcategories&post=42959"},{"taxonomy":"post_tag","embeddable":true,"href":"https:\/\/e-kart.com.ar\/index.php?rest_route=%2Fwp%2Fv2%2Ftags&post=42959"}],"curies":[{"name":"wp","href":"https:\/\/api.w.org\/{rel}","templated":true}]}}