{"id":42788,"date":"2026-03-02T14:55:04","date_gmt":"2026-03-02T17:55:04","guid":{"rendered":"https:\/\/e-kart.com.ar\/?p=42788"},"modified":"2026-03-02T14:55:04","modified_gmt":"2026-03-02T17:55:04","slug":"a-lestard-tuvo-un-destacado-inicio-en-buenos-aires","status":"publish","type":"post","link":"https:\/\/e-kart.com.ar\/?p=42788","title":{"rendered":"A.LESTARD: Tuvo un destacado inicio en Buenos Aires"},"content":{"rendered":"<p class=\"has-medium-font-size\"><em>Alfredo Lestard cerr\u00f3 una s\u00f3lida actuaci\u00f3n en la apertura de la Champion Cup 2026 en el kart\u00f3dromo porte\u00f1o. El piloto salte\u00f1o avanz\u00f3 con autoridad en la Final de la 60 Mini y se meti\u00f3 entre los principales animadores del campeonato de IAME Series Argentina.<\/em><\/p>\n<p><img decoding=\"async\" src=\"https:\/\/www.e-kartvirtualpress.com.ar\/alestard\/alestard_260301iame.jpg\"><\/p>\n<p><strong><br \/>CABA.<\/strong> Alfredo Lestard fue protagonista de la Fecha #1 de la Champion Cup 2026, disputada el pasado fin de semana en el Kart\u00f3dromo \u201cCiudad de Buenos Aires\u201d, en CABA, bajo la organizaci\u00f3n de IAME Series Argentina. El piloto de Salta Capital inici\u00f3 la temporada en la divisional 60 Mini mostrando regularidad y ritmo para pelear en el lote de punta, logrando cerrar el evento con un resultado que reflej\u00f3 su progreso.<\/p>\n<p>El s\u00e1bado dej\u00f3 sensaciones encontradas. En la clasificaci\u00f3n marc\u00f3 el 13\u00b0 registro, lo que lo condicion\u00f3 en las largadas, aunque en pista mostr\u00f3 buen ritmo. En la primera manga avanz\u00f3 hasta el P9 y en la segunda complet\u00f3 la competencia en el P14, luego de haber sufrido una merma en el rendimiento del motor que el equipo logr\u00f3 ajustar sobre el final de la jornada. <\/p>\n<p>Al analizar lo realizado, expres\u00f3: <strong><em>\u201cTuvimos un buen s\u00e1bado. Fuimos muy parejos en los tiempos y peleamos por la punta. En la segunda manga el motor decay\u00f3 un poco en su rendimiento, pero logramos ajustarlo. La clasificaci\u00f3n fue negativa y nos dej\u00f3 largando desde el fondo las mangas. El karting tiene mucho potencial, siento que puedo dar mucho m\u00e1s, estoy motivado a darlo todo el domingo\u00bb.<\/em><\/strong><\/p>\n<p>El domingo confirm\u00f3 esa intenci\u00f3n de crecimiento. En el Sprint cruz\u00f3 la meta en el P12, manteni\u00e9ndose competitivo dentro de un nutrido pelot\u00f3n. En la Final realiz\u00f3 una buena largada que le permiti\u00f3 acomodarse r\u00e1pidamente en el lote de punta y sostener su andar firme hasta ver la bandera a cuadros en el P6, en una carrera exigente y disputada. <\/p>\n<p><img decoding=\"async\" src=\"https:\/\/www.e-kartvirtualpress.com.ar\/alestard\/alestard_3_260301iame.jpg\"><\/p>\n<p>Tras completar su participaci\u00f3n, se\u00f1al\u00f3: <strong><em>\u201cTerminamos un buen fin de semana. La final fue una carrera bastante peleada. Con una buena largada logr\u00e9 acomodarme 6\u00b0 y mantener el ritmo. Me sent\u00ed muy c\u00f3modo en la categor\u00eda y agradezco tener la posibilidad de poder correr en este campeonato. Trabajaremos para obtener buenos resultados tambi\u00e9n en las pr\u00f3ximas fechas\u201d.<\/em><\/strong><\/p>\n<p>Al concluir su paso por Buenos Aires, Alfredo dedic\u00f3 palabras de agradecimiento a quienes lo acompa\u00f1an en su campa\u00f1a deportiva: <strong><em>\u201cQuiero agradecer a mi familia que siempre me estuvo dando su apoyo, a mi equipo Calkev, a Juan Manuel Quevedo, a Mart\u00edn Amestoy, a Stefan Crotto, a Federico Sfreddo de Suyser Racing, y a los sponsors: La Rotonda Mayorista, Do\u00f1a Bertina, Letoc Desarrollos y Yari Snacks\u201d.<\/em><\/strong><\/p>\n<p>Concluida esta primera cita del a\u00f1o, Alfredo Lestard qued\u00f3 ubicado en el P11 de la clase 60 Mini, donde suma 21 puntos en el campeonato. La pr\u00f3xima competencia de IAME Series Argentina se disputar\u00e1 el fin de semana del 28 y 29 de marzo en el kart\u00f3dromo \u201cRamiro Tot\u201d de Baradero.<\/p>\n<p><img decoding=\"async\" src=\"https:\/\/www.e-kartvirtualpress.com.ar\/alestard\/alestard_2_260301iame.jpg\"><\/p>\n<p>Ph. Lucas Garcia<br \/>Inform\u00f3: E-Kart Virtual Press<\/p>\n","protected":false},"excerpt":{"rendered":"<p>Alfredo Lestard cerr\u00f3 una s\u00f3lida actuaci\u00f3n en la apertura de la Champion Cup 2026 en el kart\u00f3dromo porte\u00f1o. El piloto salte\u00f1o avanz\u00f3 con autoridad en la Final de la 60 Mini y se meti\u00f3 entre los principales animadores del campeonato de IAME Series Argentina.<\/p>\n","protected":false},"author":1,"featured_media":42789,"comment_status":"closed","ping_status":"closed","sticky":false,"template":"","format":"standard","meta":{"footnotes":""},"categories":[1983,1948],"tags":[],"class_list":["post-42788","post","type-post","status-publish","format-standard","has-post-thumbnail","hentry","category-iame-series-argentina","category-pilotos-ekvp"],"_links":{"self":[{"href":"https:\/\/e-kart.com.ar\/index.php?rest_route=\/wp\/v2\/posts\/42788","targetHints":{"allow":["GET"]}}],"collection":[{"href":"https:\/\/e-kart.com.ar\/index.php?rest_route=\/wp\/v2\/posts"}],"about":[{"href":"https:\/\/e-kart.com.ar\/index.php?rest_route=\/wp\/v2\/types\/post"}],"author":[{"embeddable":true,"href":"https:\/\/e-kart.com.ar\/index.php?rest_route=\/wp\/v2\/users\/1"}],"replies":[{"embeddable":true,"href":"https:\/\/e-kart.com.ar\/index.php?rest_route=%2Fwp%2Fv2%2Fcomments&post=42788"}],"version-history":[{"count":1,"href":"https:\/\/e-kart.com.ar\/index.php?rest_route=\/wp\/v2\/posts\/42788\/revisions"}],"predecessor-version":[{"id":42790,"href":"https:\/\/e-kart.com.ar\/index.php?rest_route=\/wp\/v2\/posts\/42788\/revisions\/42790"}],"wp:featuredmedia":[{"embeddable":true,"href":"https:\/\/e-kart.com.ar\/index.php?rest_route=\/wp\/v2\/media\/42789"}],"wp:attachment":[{"href":"https:\/\/e-kart.com.ar\/index.php?rest_route=%2Fwp%2Fv2%2Fmedia&parent=42788"}],"wp:term":[{"taxonomy":"category","embeddable":true,"href":"https:\/\/e-kart.com.ar\/index.php?rest_route=%2Fwp%2Fv2%2Fcategories&post=42788"},{"taxonomy":"post_tag","embeddable":true,"href":"https:\/\/e-kart.com.ar\/index.php?rest_route=%2Fwp%2Fv2%2Ftags&post=42788"}],"curies":[{"name":"wp","href":"https:\/\/api.w.org\/{rel}","templated":true}]}}