{"id":41648,"date":"2026-01-23T00:34:34","date_gmt":"2026-01-23T03:34:34","guid":{"rendered":"https:\/\/e-kart.com.ar\/?p=41648"},"modified":"2026-01-24T12:40:01","modified_gmt":"2026-01-24T15:40:01","slug":"misionero-tierra-se-conocio-el-calendario-2026","status":"publish","type":"post","link":"https:\/\/e-kart.com.ar\/?p=41648","title":{"rendered":"MISIONERO TIERRA: Se conoci\u00f3 el calendario 2026"},"content":{"rendered":"\n<p class=\"has-medium-font-size\"><em>La Federaci\u00f3n de Motociclismo, Motocross, Cuatriciclos, Enduro y Karting de Misiones (FMMCEyK) dio a conocer las fechas del Calendario Misionero de Karting en trazados terrados 2026, que tendr\u00e1 7 fechas e ira de marzo a septiembre.<\/em><\/p>\n\n\n\n<figure class=\"wp-block-image size-full\"><a href=\"https:\/\/e-kart.com.ar\/wp-content\/uploads\/2026\/01\/mst.jpg\"><img loading=\"lazy\" decoding=\"async\" width=\"960\" height=\"524\" src=\"https:\/\/e-kart.com.ar\/wp-content\/uploads\/2026\/01\/mst.jpg\" alt=\"\" class=\"wp-image-41649\" srcset=\"https:\/\/e-kart.com.ar\/wp-content\/uploads\/2026\/01\/mst.jpg 960w, https:\/\/e-kart.com.ar\/wp-content\/uploads\/2026\/01\/mst-300x164.jpg 300w, https:\/\/e-kart.com.ar\/wp-content\/uploads\/2026\/01\/mst-768x419.jpg 768w\" sizes=\"auto, (max-width: 960px) 100vw, 960px\" \/><\/a><\/figure>\n\n\n\n<p class=\"has-small-font-size\">Ph. Prensa FMMCEyK<\/p>\n\n\n\n<p><strong>Ober\u00e1, Misiones. <\/strong>Adem\u00e1s, en las \u00faltimas semanas el presidente Alejandro \u201cChino\u201d Godoy mantuvo charlas con el Municipio de Campo Grande para realizar una fecha especial de Verano el 7 febrero que ser\u00e1 nocturna y que servir\u00e1 para que los pilotos se pongan a punto para el campeonato.<\/p>\n\n\n\n<p>El calendario se pens\u00f3 en mantener 7 fecha para evitar gastos mayores a los equipos, teniendo en cuenta el contexto econ\u00f3mico y hacer un campeonato compacto buscando mantener el parque de m\u00e1quinas. Vale destacar que el Campeonato Misionero de Karting en trazados terrados termin\u00f3 el a\u00f1o con 134 karting.<\/p>\n\n\n\n<p>La novedad ser\u00e1 la inclusi\u00f3n de la categor\u00eda M\u00e1ster 150cc que tendr\u00e1 su campeonato, luego de las fechas exhibici\u00f3n que realizaron el a\u00f1o pasado. Mientras que seguir\u00e1n la Copa Luqstoff (Escuelita), Kart 110cc, Junior, Libre 200cc, Senior 150cc, Veteranos 150cc, Est\u00e1ndar 150cc y Superkart.<\/p>\n\n\n\n<p class=\"has-medium-font-size\"><br><strong>Empieza en marzo<\/strong><\/p>\n\n\n\n<p>La primera fecha se realizar\u00e1 el 14 y 15 de marzo en escenario a confirmar por la Federaci\u00f3n. La segunda fecha ser\u00e1 el 25 y 26 de abril en escenario a confirmar. La primera fecha especial con pilotos invitados ser\u00e1 el 23 y 24 de mayo con la disputa de a tercera fecha. La cuarta, que se correr\u00e1 el 27 y 28 de junio tambi\u00e9n ser\u00e1 con pilotos invitados.<\/p>\n\n\n\n<p>La quinta fecha ser\u00e1 el 25 y 26 de Julio en escenario a confirmar. Mientras que 6\u00b0 Fecha se disputar\u00e1 el 22 y 23 de agosto en escenario a confirmar. La 7\u00b0 y \u00faltima fecha esta pautada para el 19 y 20 de septiembre en escenario a confirmar.<\/p>\n\n\n\n<p>El calendario esta sujeto a confirmaci\u00f3n de las categor\u00edas nacionales que podr\u00edan llegar\u00e1n a Misiones y a charlas que se mantendr\u00e1n con las nuevas autoridades de la FeMAD, con la idea de no superponer los calendaros con el Misionero de Karting en Pista (asfalto).<\/p>\n\n\n\n<p class=\"has-medium-font-size\"><br><mark style=\"background-color:rgba(0, 0, 0, 0)\" class=\"has-inline-color has-luminous-vivid-orange-color\"><strong>CALENDARIO 2026 (*)<\/strong><\/mark><\/p>\n\n\n\n<p><strong>Fecha Especial Verano:<\/strong> 07 de febrero &#8211; Nocturno en el Kart\u00f3dromo Mauro Nichueda de Campo Grande<br><br><strong>1\u00aa Fecha: <\/strong>14 y 15 de marzo en escenario a confirmar<br><strong>2\u00aa Fecha: <\/strong>25 y 26 de abril en escenario a confirmar<br><strong>3\u00aa Fecha:<\/strong> 23 y 24 de mayo en escenario a confirmar (con pilotos Invitados)<br><strong>4\u00aa Fecha:<\/strong> 27 y 28 de junio en escenario a confirmar (con pilotos Invitados)<br><strong>5\u00aa Fecha:<\/strong> 25 y 26 de Julio en escenario a confirmar<br><strong>6\u00aa Fecha:<\/strong> 22 y 23 de agosto en escenario a confirmar<br><strong>7\u00aa Fecha: <\/strong>19 y 20 de septiembre en escenario a confirmar<\/p>\n\n\n\n<p><strong>NOTA: *ACTUALIZADO AL 20 DE ENERO<\/strong><\/p>\n\n\n\n<p><br>Inform\u00f3: Prensa FMMCEyK<\/p>\n","protected":false},"excerpt":{"rendered":"<p>La Federaci\u00f3n de Motociclismo, Motocross, Cuatriciclos, Enduro y Karting de Misiones (FMMCEyK) dio a conocer las fechas del Calendario Misionero de Karting en trazados terrados 2026, que tendr\u00e1 7 fechas&hellip; <\/p>\n","protected":false},"author":1,"featured_media":41649,"comment_status":"closed","ping_status":"closed","sticky":false,"template":"","format":"standard","meta":{"footnotes":""},"categories":[2039,1971],"tags":[],"class_list":["post-41648","post","type-post","status-publish","format-standard","has-post-thumbnail","hentry","category-breves","category-misionero-tierra"],"_links":{"self":[{"href":"https:\/\/e-kart.com.ar\/index.php?rest_route=\/wp\/v2\/posts\/41648","targetHints":{"allow":["GET"]}}],"collection":[{"href":"https:\/\/e-kart.com.ar\/index.php?rest_route=\/wp\/v2\/posts"}],"about":[{"href":"https:\/\/e-kart.com.ar\/index.php?rest_route=\/wp\/v2\/types\/post"}],"author":[{"embeddable":true,"href":"https:\/\/e-kart.com.ar\/index.php?rest_route=\/wp\/v2\/users\/1"}],"replies":[{"embeddable":true,"href":"https:\/\/e-kart.com.ar\/index.php?rest_route=%2Fwp%2Fv2%2Fcomments&post=41648"}],"version-history":[{"count":1,"href":"https:\/\/e-kart.com.ar\/index.php?rest_route=\/wp\/v2\/posts\/41648\/revisions"}],"predecessor-version":[{"id":41650,"href":"https:\/\/e-kart.com.ar\/index.php?rest_route=\/wp\/v2\/posts\/41648\/revisions\/41650"}],"wp:featuredmedia":[{"embeddable":true,"href":"https:\/\/e-kart.com.ar\/index.php?rest_route=\/wp\/v2\/media\/41649"}],"wp:attachment":[{"href":"https:\/\/e-kart.com.ar\/index.php?rest_route=%2Fwp%2Fv2%2Fmedia&parent=41648"}],"wp:term":[{"taxonomy":"category","embeddable":true,"href":"https:\/\/e-kart.com.ar\/index.php?rest_route=%2Fwp%2Fv2%2Fcategories&post=41648"},{"taxonomy":"post_tag","embeddable":true,"href":"https:\/\/e-kart.com.ar\/index.php?rest_route=%2Fwp%2Fv2%2Ftags&post=41648"}],"curies":[{"name":"wp","href":"https:\/\/api.w.org\/{rel}","templated":true}]}}