{"id":41585,"date":"2026-01-18T22:03:15","date_gmt":"2026-01-19T01:03:15","guid":{"rendered":"https:\/\/e-kart.com.ar\/v3\/?p=41585"},"modified":"2026-01-23T09:34:10","modified_gmt":"2026-01-23T12:34:10","slug":"g-de-lucca-rok-cup-usa-cerca-del-podio-en-la-primera-en-eeuu","status":"publish","type":"post","link":"https:\/\/e-kart.com.ar\/?p=41585","title":{"rendered":"G.DE LUCCA &#8211; ROK CUP USA: Cerca del podio en la primera en EEUU"},"content":{"rendered":"\n<p class=\"has-medium-font-size\"><em>Gabriel De Lucca fue protagonista en Orlando, destac\u00e1ndose desde la clasificaci\u00f3n y los Heats en un exigente escenario internacional. El piloto argentino tuvo un arranque altamente competitivo en el FWT de la ROK Cup USA.<\/em><\/p>\n\n\n\n<figure class=\"wp-block-image size-large\"><img decoding=\"async\" src=\"https:\/\/www.e-kartvirtualpress.com.ar\/gdelucca\/gdelucca_260118rok.jpg\" alt=\"\"\/><\/figure>\n\n\n\n<p class=\"has-small-font-size\">Ph. Prensa G. De Lucca<\/p>\n\n\n\n<p><br><strong>Orlando, EEUU. <\/strong>El piloto argentino Gabriel De Lucca concret\u00f3 su primera experiencia internacional de la temporada 2026 al participar del Round #1 del Florida Winter Tour de ROK Cup USA, disputada en el Orlando Kart Center.<\/p>\n\n\n\n<p>El volante zarate\u00f1o compiti\u00f3 dentro de la clase ROK VLR Masters, integrando un parque de alto nivel y fuerte presencia internacional. Consigui\u00f3 mostrar un rendimiento competitivo desde el inicio de la actividad, destac\u00e1ndose especialmente en la clasificaci\u00f3n y en el desarrollo de los Heats.<\/p>\n\n\n\n<p>La actividad comenz\u00f3 de manera muy positiva durante la jornada del jueves, donde De Lucca logr\u00f3 una r\u00e1pida adaptaci\u00f3n al trazado y al conjunto t\u00e9cnico, sentando las bases de un fin de semana prometedor. Ese buen funcionamiento se traslad\u00f3 a la clasificaci\u00f3n, instancia en la que se qued\u00f3 con la pole position dentro de su categor\u00eda.<\/p>\n\n\n\n<p>Al evaluar ese primer d\u00eda fuerte, el propio piloto se\u00f1al\u00f3:&nbsp;<strong><em>\u201cTuvimos buenas pruebas el jueves. Clasifiqu\u00e9 primero en mi categor\u00eda, hice la pole, y qued\u00e9 quinto en la general\u201d<\/em><\/strong>, reflejando el potencial mostrado desde el arranque.<\/p>\n\n\n\n<p>En los Heats, el argentino sostuvo el protagonismo dentro de la divisional, manteni\u00e9ndose en los puestos de referencia pese a algunas situaciones de carrera. En el primer parcial, un toque lo releg\u00f3 al P7 en pista, aunque logr\u00f3 cerrar la competencia como segundo en su clase. En los parciales siguientes volvi\u00f3 a posicionarse entre los mejores, logrando P1 en la clase ROK VLR Masters tanto en el segundo como en el tercer Heat, resultados que lo dejaron bien posicionado para la largada de la Pre-Final.<\/p>\n\n\n\n<p>Sobre ese desarrollo, De Lucca resumi\u00f3:&nbsp;<strong><em>\u201cEn el segundo Heat termin\u00e9 tercero en pista y primero en mi categor\u00eda, y en el tercero volv\u00ed a ganar la categor\u00eda, lo que me permiti\u00f3 largar la Pre-Final desde el P3\u201d.<\/em><\/strong><\/p>\n\n\n\n<figure class=\"wp-block-image size-large\"><img decoding=\"async\" src=\"https:\/\/www.e-kartvirtualpress.com.ar\/gdelucca\/gdelucca_3_260118rok.jpg\" alt=\"\"\/><\/figure>\n\n\n\n<p class=\"has-small-font-size\">Ph. Prensa G. De Lucca<\/p>\n\n\n\n<p><br>La Pre-Final se presentaba como una oportunidad especial para consolidar el buen trabajo del fin de semana, y el piloto argentino se mantuvo en la lucha por las posiciones de vanguardia hasta las vueltas finales, cuando un incidente en plena disputa condicion\u00f3 el resultado.<\/p>\n\n\n\n<p>El propio De Lucca sintetiz\u00f3 la situaci\u00f3n que interrumpi\u00f3 una actuaci\u00f3n que ven\u00eda siendo s\u00f3lida:&nbsp;<strong><em>\u201cLos resultados de los Heats me posicionaron para largar la Pre-Final desde el P3 en la grilla. Hice una buena carrera y faltando dos vueltas, tuve un toque con el piloto italiano. Mi motor qued\u00f3 ahogado y me alcanz\u00f3 el piloto ingl\u00e9s. Tuvimos unos intercambios de posiciones hasta que nos enganchamos y qued\u00e9 tirado\u201d.<\/em><\/strong><\/p>\n\n\n\n<p>La final tampoco permiti\u00f3 plasmar el potencial mostrado a lo largo del evento. Largando desde el fondo del pelot\u00f3n, un incidente ajeno que se dio delante suyo lo involucr\u00f3 sin escapatoria y afect\u00f3 el rendimiento del karting, oblig\u00e1ndolo a completar la competencia en condiciones desfavorables.<\/p>\n\n\n\n<p>Al cierre del fin de semana, el piloto zarate\u00f1o explic\u00f3:\u00a0<strong><em>\u201cLargu\u00e9 \u00faltimo la final. En la primera curva se tocaron adelante m\u00edo. Mi karting qued\u00f3 enganchado y se doblaron las dos barras de direcci\u00f3n y una punta de eje. As\u00ed que no hubo mucho para hacer. El karting giraba un segundo m\u00e1s lento de lo normal, estaba todo doblado. Terminamos con lo que ten\u00edamos\u201d.<\/em><\/strong><\/p>\n\n\n\n<figure class=\"wp-block-image size-large\"><img decoding=\"async\" src=\"https:\/\/www.e-kartvirtualpress.com.ar\/gdelucca\/gdelucca_2_260118rok.jpg\" alt=\"\"\/><\/figure>\n\n\n\n<p class=\"has-small-font-size\">Ph. Prensa G. De Lucca<\/p>\n\n\n\n<p><br>Inform\u00f3: E-Kart Virtual Press<\/p>\n","protected":false},"excerpt":{"rendered":"<p>Gabriel De Lucca fue protagonista en Orlando, destac\u00e1ndose desde la clasificaci\u00f3n y los Heats en un exigente escenario internacional. El piloto argentino tuvo un arranque altamente competitivo en el FWT&hellip; <\/p>\n","protected":false},"author":1,"featured_media":41587,"comment_status":"closed","ping_status":"closed","sticky":false,"template":"","format":"standard","meta":{"footnotes":""},"categories":[2107,1948],"tags":[],"class_list":["post-41585","post","type-post","status-publish","format-standard","has-post-thumbnail","hentry","category-internacional","category-pilotos-ekvp"],"_links":{"self":[{"href":"https:\/\/e-kart.com.ar\/index.php?rest_route=\/wp\/v2\/posts\/41585","targetHints":{"allow":["GET"]}}],"collection":[{"href":"https:\/\/e-kart.com.ar\/index.php?rest_route=\/wp\/v2\/posts"}],"about":[{"href":"https:\/\/e-kart.com.ar\/index.php?rest_route=\/wp\/v2\/types\/post"}],"author":[{"embeddable":true,"href":"https:\/\/e-kart.com.ar\/index.php?rest_route=\/wp\/v2\/users\/1"}],"replies":[{"embeddable":true,"href":"https:\/\/e-kart.com.ar\/index.php?rest_route=%2Fwp%2Fv2%2Fcomments&post=41585"}],"version-history":[{"count":1,"href":"https:\/\/e-kart.com.ar\/index.php?rest_route=\/wp\/v2\/posts\/41585\/revisions"}],"predecessor-version":[{"id":41588,"href":"https:\/\/e-kart.com.ar\/index.php?rest_route=\/wp\/v2\/posts\/41585\/revisions\/41588"}],"wp:featuredmedia":[{"embeddable":true,"href":"https:\/\/e-kart.com.ar\/index.php?rest_route=\/wp\/v2\/media\/41587"}],"wp:attachment":[{"href":"https:\/\/e-kart.com.ar\/index.php?rest_route=%2Fwp%2Fv2%2Fmedia&parent=41585"}],"wp:term":[{"taxonomy":"category","embeddable":true,"href":"https:\/\/e-kart.com.ar\/index.php?rest_route=%2Fwp%2Fv2%2Fcategories&post=41585"},{"taxonomy":"post_tag","embeddable":true,"href":"https:\/\/e-kart.com.ar\/index.php?rest_route=%2Fwp%2Fv2%2Ftags&post=41585"}],"curies":[{"name":"wp","href":"https:\/\/api.w.org\/{rel}","templated":true}]}}