{"id":41490,"date":"2026-01-16T22:45:04","date_gmt":"2026-01-17T01:45:04","guid":{"rendered":"https:\/\/e-kart.com.ar\/v3\/?p=41490"},"modified":"2026-01-23T09:35:02","modified_gmt":"2026-01-23T12:35:02","slug":"summer-kart-cordobes-rio-cuarto-epicentro-de-la-tercera-edicion","status":"publish","type":"post","link":"https:\/\/e-kart.com.ar\/?p=41490","title":{"rendered":"SUMMER KART CORDOBES: R\u00edo Cuarto, epicentro de la tercera edici\u00f3n"},"content":{"rendered":"\n<p class=\"has-medium-font-size\"><em>Este viernes 16 y s\u00e1bado 17 de enero, el Kart\u00f3dromo de R\u00edo Cuarto se prepara para recibir la tercera edici\u00f3n del Summer Kart Cordob\u00e9s la primera competencia automovil\u00edstica oficial de la temporada deportiva en la provincia de C\u00f3rdoba.<\/em><\/p>\n\n\n\n<figure class=\"wp-block-image size-full\"><a href=\"https:\/\/e-kart.com.ar\/v3\/wp-content\/uploads\/2026\/01\/summer.jpg\"><img loading=\"lazy\" decoding=\"async\" width=\"960\" height=\"524\" src=\"https:\/\/e-kart.com.ar\/v3\/wp-content\/uploads\/2026\/01\/summer.jpg\" alt=\"\" class=\"wp-image-41491\" srcset=\"https:\/\/e-kart.com.ar\/wp-content\/uploads\/2026\/01\/summer.jpg 960w, https:\/\/e-kart.com.ar\/wp-content\/uploads\/2026\/01\/summer-300x164.jpg 300w, https:\/\/e-kart.com.ar\/wp-content\/uploads\/2026\/01\/summer-768x419.jpg 768w\" sizes=\"auto, (max-width: 960px) 100vw, 960px\" \/><\/a><\/figure>\n\n\n\n<p class=\"has-small-font-size\">Ph. Daniel Centeno<\/p>\n\n\n\n<p><strong>C\u00f3rdoba, Capital. <\/strong>Nueve divisionales estar\u00e1n en acci\u00f3n, incluyendo 150cc. (Menores, Cadetes, Standard y Mayores), 125cc. (Junior y Senior), Monomarcas (Infantil y 110) y Promocional 60. El evento contar\u00e1 con la presencia de pilotos invitados de renombre, como Lucio Rodr\u00edguez, Thiago Strazzolini, Marcelo Ciarrocchi, Mateo Polakovich, Federico Payero, Guillermo Ponce y Jorge Bogliero, entre otros.<\/p>\n\n\n\n<p>El viernes se llevar\u00e1n a cabo entrenamientos y clasificaciones, mientras que el s\u00e1bado se disputar\u00e1n series y finales. Los pilotos invitados competir\u00e1n en las divisiones 150 Cadetes, 150 Mayores, 150 Standard y 125 Senior, con finales reservadas para ellos y los titulares.<\/p>\n\n\n\n<p><br><strong>CRONOGRAMA<\/strong><\/p>\n\n\n\n<iframe loading=\"lazy\" src=\"https:\/\/fradcba.com.ar\/wp-content\/uploads\/2026\/01\/Horarios-2026.pdf\n\" width=\"100%\" height=\"600px\"><\/iframe>\n\n\n\n\n<p><br>Inform\u00f3: Prensa FRADCba<\/p>\n","protected":false},"excerpt":{"rendered":"<p>Este viernes 16 y s\u00e1bado 17 de enero, el Kart\u00f3dromo de R\u00edo Cuarto se prepara para recibir la tercera edici\u00f3n del Summer Kart Cordob\u00e9s la primera competencia automovil\u00edstica oficial de&hellip; <\/p>\n","protected":false},"author":1,"featured_media":41491,"comment_status":"closed","ping_status":"closed","sticky":false,"template":"","format":"standard","meta":{"footnotes":""},"categories":[2039,2002],"tags":[],"class_list":["post-41490","post","type-post","status-publish","format-standard","has-post-thumbnail","hentry","category-breves","category-summer-kart-cordobes"],"_links":{"self":[{"href":"https:\/\/e-kart.com.ar\/index.php?rest_route=\/wp\/v2\/posts\/41490","targetHints":{"allow":["GET"]}}],"collection":[{"href":"https:\/\/e-kart.com.ar\/index.php?rest_route=\/wp\/v2\/posts"}],"about":[{"href":"https:\/\/e-kart.com.ar\/index.php?rest_route=\/wp\/v2\/types\/post"}],"author":[{"embeddable":true,"href":"https:\/\/e-kart.com.ar\/index.php?rest_route=\/wp\/v2\/users\/1"}],"replies":[{"embeddable":true,"href":"https:\/\/e-kart.com.ar\/index.php?rest_route=%2Fwp%2Fv2%2Fcomments&post=41490"}],"version-history":[{"count":2,"href":"https:\/\/e-kart.com.ar\/index.php?rest_route=\/wp\/v2\/posts\/41490\/revisions"}],"predecessor-version":[{"id":41493,"href":"https:\/\/e-kart.com.ar\/index.php?rest_route=\/wp\/v2\/posts\/41490\/revisions\/41493"}],"wp:featuredmedia":[{"embeddable":true,"href":"https:\/\/e-kart.com.ar\/index.php?rest_route=\/wp\/v2\/media\/41491"}],"wp:attachment":[{"href":"https:\/\/e-kart.com.ar\/index.php?rest_route=%2Fwp%2Fv2%2Fmedia&parent=41490"}],"wp:term":[{"taxonomy":"category","embeddable":true,"href":"https:\/\/e-kart.com.ar\/index.php?rest_route=%2Fwp%2Fv2%2Fcategories&post=41490"},{"taxonomy":"post_tag","embeddable":true,"href":"https:\/\/e-kart.com.ar\/index.php?rest_route=%2Fwp%2Fv2%2Ftags&post=41490"}],"curies":[{"name":"wp","href":"https:\/\/api.w.org\/{rel}","templated":true}]}}