{"id":41418,"date":"2026-01-16T10:05:34","date_gmt":"2026-01-16T13:05:34","guid":{"rendered":"https:\/\/e-kart.com.ar\/v3\/?p=41418"},"modified":"2026-01-23T09:35:32","modified_gmt":"2026-01-23T12:35:32","slug":"regional-del-atlantico-comenzara-el-2026-en-rauch","status":"publish","type":"post","link":"https:\/\/e-kart.com.ar\/?p=41418","title":{"rendered":"REGIONAL DEL ATLANTICO: Comenzar\u00e1 el 2026 en Rauch"},"content":{"rendered":"\n<p class=\"has-medium-font-size\"><em>Esta especialidad fue la de mayor crecimiento en los \u00faltimos tiempos y prueba de ello es que a lo largo de 2025 tuvo un promedio superior a los 100 veh\u00edculos en la zona de parque cerrado, reuniendo a pilotos de una amplia franja de la regi\u00f3n.<\/em><\/p>\n\n\n\n<figure class=\"wp-block-image size-full\"><a href=\"https:\/\/e-kart.com.ar\/v3\/wp-content\/uploads\/2026\/01\/reg.jpg\"><img loading=\"lazy\" decoding=\"async\" width=\"960\" height=\"524\" src=\"https:\/\/e-kart.com.ar\/v3\/wp-content\/uploads\/2026\/01\/reg.jpg\" alt=\"\" class=\"wp-image-41419\" srcset=\"https:\/\/e-kart.com.ar\/wp-content\/uploads\/2026\/01\/reg.jpg 960w, https:\/\/e-kart.com.ar\/wp-content\/uploads\/2026\/01\/reg-300x164.jpg 300w, https:\/\/e-kart.com.ar\/wp-content\/uploads\/2026\/01\/reg-768x419.jpg 768w\" sizes=\"auto, (max-width: 960px) 100vw, 960px\" \/><\/a><\/figure>\n\n\n\n<p><br><strong>Balcarce, Buenos Aires. <\/strong>La nueva temporada del K\u00e1rting Regional se pondr\u00e1 en marcha el 1 de marzo en Rauch, poniendo en marcha un calendario que tendr\u00e1 un total de 10 jornadas y que contar\u00e1 con la fiscalizaci\u00f3n de la Federaci\u00f3n Regional de Automovilismo Deportivo Mar y Sierras.<\/p>\n\n\n\n<p>Esta especialidad fue la de mayor crecimiento en los \u00faltimos tiempos y prueba de ello es que a lo largo de 2025 tuvo un promedio superior a los 100 veh\u00edculos en la zona de parque cerrado, reuniendo a pilotos de una amplia franja de la regi\u00f3n.<\/p>\n\n\n\n<p>En este caso la actividad se concentrar\u00e1 en los circuitos \u201cLa Virgen del Camino\u201d, de Lober\u00eda; \u201cJorge Aldo Ferrario, de Coronel Vidal; \u201cMart\u00edn Fierro\u201d, de Rauch, y \u201cJuan Carlos Espelet\u201d, de Tandil.<\/p>\n\n\n\n<p>La jornada inaugural ser\u00e1 el 1 de marzo en el trazado de Rauch, culminando el 6 de diciembre, en escenario a\u00fan no confirmado.<br>Vale recordar que los campeones de la pasada temporada y que lucir\u00e1n el \u201c1\u201d en 2026 fueron: Isa\u00edas Reyna (Mar del Plata), en Promocional Escuela; Joaqu\u00edn Ardiles (Mar del Plata), en 150cc. Junior; Jean Abbadie (Juan N. Fern\u00e1ndez), en 150cc. Senior; Mat\u00edas Garc\u00eda (Mar del Plata), en 150cc. Master, y Juan Mart\u00edn Jauregui (Coronel Vidal), en 150cc. Super Master.<\/p>\n\n\n\n<p><br><strong>CALENDARIO CONFIRMADO<\/strong><br>Este es el calendario confirmado para la presente temporada:<\/p>\n\n\n\n<p>1\u00aa Fecha: 01 de marzo \u2013 Rauch<br>2\u00aa Fecha: 12 de abril \u2013 Lober\u00eda, con pilotos invitados.<br>3\u00aa Fecha: 10 de mayo \u2013 Tandil<br>4\u00aa Fecha: 14 de junio \u2013 Coronel Vidal<br>5\u00aa Fecha: 12 de julio \u2013 Escenario a confirmar<br>6\u00aa Fecha: 16 de agosto \u2013 Escenario a confirmar<br>7\u00aa Fecha: 13 de setiembre \u2013 Escenario a confirmar<br>8\u00aa Fecha: 11 de octubre \u2013 Escenario a confirmar<br>9\u00aa Fecha: 08 de noviembre \u2013 Escenario a confirmar<br>10\u00aa Fecha: 06 de diciembre \u2013 Escenario a confirmar \u2013 Premio Coronaci\u00f3n.<\/p>\n\n\n\n<p><br>Fuente: Diario La Vanguardia (Buenos Aires)<\/p>\n","protected":false},"excerpt":{"rendered":"<p>Esta especialidad fue la de mayor crecimiento en los \u00faltimos tiempos y prueba de ello es que a lo largo de 2025 tuvo un promedio superior a los 100 veh\u00edculos&hellip; <\/p>\n","protected":false},"author":1,"featured_media":41419,"comment_status":"closed","ping_status":"closed","sticky":false,"template":"","format":"standard","meta":{"footnotes":""},"categories":[2039,2038,2079],"tags":[],"class_list":["post-41418","post","type-post","status-publish","format-standard","has-post-thumbnail","hentry","category-breves","category-medios","category-regional-atlantico"],"_links":{"self":[{"href":"https:\/\/e-kart.com.ar\/index.php?rest_route=\/wp\/v2\/posts\/41418","targetHints":{"allow":["GET"]}}],"collection":[{"href":"https:\/\/e-kart.com.ar\/index.php?rest_route=\/wp\/v2\/posts"}],"about":[{"href":"https:\/\/e-kart.com.ar\/index.php?rest_route=\/wp\/v2\/types\/post"}],"author":[{"embeddable":true,"href":"https:\/\/e-kart.com.ar\/index.php?rest_route=\/wp\/v2\/users\/1"}],"replies":[{"embeddable":true,"href":"https:\/\/e-kart.com.ar\/index.php?rest_route=%2Fwp%2Fv2%2Fcomments&post=41418"}],"version-history":[{"count":2,"href":"https:\/\/e-kart.com.ar\/index.php?rest_route=\/wp\/v2\/posts\/41418\/revisions"}],"predecessor-version":[{"id":41422,"href":"https:\/\/e-kart.com.ar\/index.php?rest_route=\/wp\/v2\/posts\/41418\/revisions\/41422"}],"wp:featuredmedia":[{"embeddable":true,"href":"https:\/\/e-kart.com.ar\/index.php?rest_route=\/wp\/v2\/media\/41419"}],"wp:attachment":[{"href":"https:\/\/e-kart.com.ar\/index.php?rest_route=%2Fwp%2Fv2%2Fmedia&parent=41418"}],"wp:term":[{"taxonomy":"category","embeddable":true,"href":"https:\/\/e-kart.com.ar\/index.php?rest_route=%2Fwp%2Fv2%2Fcategories&post=41418"},{"taxonomy":"post_tag","embeddable":true,"href":"https:\/\/e-kart.com.ar\/index.php?rest_route=%2Fwp%2Fv2%2Ftags&post=41418"}],"curies":[{"name":"wp","href":"https:\/\/api.w.org\/{rel}","templated":true}]}}