{"id":41287,"date":"2026-01-03T16:13:15","date_gmt":"2026-01-03T19:13:15","guid":{"rendered":"https:\/\/e-kart.com.ar\/v3\/?p=41287"},"modified":"2026-01-23T09:36:55","modified_gmt":"2026-01-23T12:36:55","slug":"arranca-el-nocturno-en-giles","status":"publish","type":"post","link":"https:\/\/e-kart.com.ar\/?p=41287","title":{"rendered":"SALADO BONAERENSE: Arranca el Nocturno en Giles"},"content":{"rendered":"\n<p class=\"has-medium-font-size\"><strong><em>El Karting del Salado Bonaerense (KDS) pone en marcha su Torneo Nocturno de Verano en San Andr\u00e9s de Giles. Tras las pruebas del viernes, este s\u00e1bado se disputa la jornada oficial en el circuito \u201cMiguel Rold\u00e1n\u201d.<\/em><\/strong><\/p>\n\n\n\n<figure class=\"wp-block-gallery has-nested-images columns-default is-cropped wp-block-gallery-1 is-layout-flex wp-block-gallery-is-layout-flex\">\n<figure class=\"wp-block-image size-full\"><a href=\"https:\/\/e-kart.com.ar\/v3\/wp-content\/uploads\/2026\/01\/kds-1.jpg\"><img loading=\"lazy\" decoding=\"async\" width=\"960\" height=\"524\" data-id=\"41300\" src=\"https:\/\/e-kart.com.ar\/v3\/wp-content\/uploads\/2026\/01\/kds-1.jpg\" alt=\"\" class=\"wp-image-41300\" srcset=\"https:\/\/e-kart.com.ar\/wp-content\/uploads\/2026\/01\/kds-1.jpg 960w, https:\/\/e-kart.com.ar\/wp-content\/uploads\/2026\/01\/kds-1-300x164.jpg 300w, https:\/\/e-kart.com.ar\/wp-content\/uploads\/2026\/01\/kds-1-768x419.jpg 768w\" sizes=\"auto, (max-width: 960px) 100vw, 960px\" \/><\/a><\/figure>\n<\/figure>\n\n\n\n<p><strong>San Andr\u00e9s de Giles, Buenos Aires. <\/strong>En el inicio del primer fin de semana de enero y con San Andr\u00e9s de Giles como escenario, el Karting del Salado Bonaerense (KDS) abri\u00f3 anoche su propuesta estival con actividad en pista y contin\u00faa hoy con el programa central del Torneo Nocturno de Verano.<\/p>\n\n\n\n<p>Luego de un largo per\u00edodo sin competencias nocturnas, el predio del Auto Club local vuelve a encender los reflectores. La iniciativa es conjunta entre el KDS y la instituci\u00f3n anfitriona, y forma parte de un calendario especial que tendr\u00e1 cuatro fechas repartidas entre los kart\u00f3dromos de Giles y Navarro, marcando el comienzo del tramo fuerte de la temporada.<\/p>\n\n\n\n<p>El viernes 2 se desarrollaron las pruebas libres, con salida a pista desde las 20:00, instancia clave para ajustar puesta a punto y reconocer el trazado bajo iluminaci\u00f3n artificial. Esa jornada sirvi\u00f3 como antesala de lo que se espera para hoy.<\/p>\n\n\n\n<p>Este s\u00e1bado 3 de enero se concentra toda la actividad oficial. El cronograma incluye tandas de entrenamiento, clasificaciones, series y finales. Habr\u00e1 movimiento durante la tarde, mientras que las competencias decisivas est\u00e1n previstas para el momento en que caiga el sol, manteniendo el formato nocturno que distingue al torneo.<\/p>\n\n\n\n<p>El KDS confirm\u00f3 adem\u00e1s la incorporaci\u00f3n de nuevas divisionales al esquema habitual, lo que ampl\u00eda el parque y refuerza la propuesta deportiva de esta primera cita del verano. Con el circuito \u201cMiguel Rold\u00e1n\u201d como punto de partida, el campeonato inicia su camino con una fecha que combina antecedentes recientes y un formato que vuelve a tener protagonismo en la regi\u00f3n.<\/p>\n\n\n<p><\/p>\n<p>Fuente: InfoCiudad (Buenos Aires)<\/p>","protected":false},"excerpt":{"rendered":"<p>El Karting del Salado Bonaerense (KDS) pone en marcha su Torneo Nocturno de Verano en San Andr\u00e9s de Giles. Tras las pruebas del viernes, este s\u00e1bado se disputa la jornada&hellip; <\/p>\n","protected":false},"author":1,"featured_media":41298,"comment_status":"closed","ping_status":"closed","sticky":false,"template":"","format":"standard","meta":{"footnotes":""},"categories":[2039,2003],"tags":[2103,430,2104],"class_list":["post-41287","post","type-post","status-publish","format-standard","has-post-thumbnail","hentry","category-breves","category-salado-bonaerense","tag-nocturno","tag-salado-bonaerense","tag-san-andres-de-giles"],"_links":{"self":[{"href":"https:\/\/e-kart.com.ar\/index.php?rest_route=\/wp\/v2\/posts\/41287","targetHints":{"allow":["GET"]}}],"collection":[{"href":"https:\/\/e-kart.com.ar\/index.php?rest_route=\/wp\/v2\/posts"}],"about":[{"href":"https:\/\/e-kart.com.ar\/index.php?rest_route=\/wp\/v2\/types\/post"}],"author":[{"embeddable":true,"href":"https:\/\/e-kart.com.ar\/index.php?rest_route=\/wp\/v2\/users\/1"}],"replies":[{"embeddable":true,"href":"https:\/\/e-kart.com.ar\/index.php?rest_route=%2Fwp%2Fv2%2Fcomments&post=41287"}],"version-history":[{"count":10,"href":"https:\/\/e-kart.com.ar\/index.php?rest_route=\/wp\/v2\/posts\/41287\/revisions"}],"predecessor-version":[{"id":41304,"href":"https:\/\/e-kart.com.ar\/index.php?rest_route=\/wp\/v2\/posts\/41287\/revisions\/41304"}],"wp:featuredmedia":[{"embeddable":true,"href":"https:\/\/e-kart.com.ar\/index.php?rest_route=\/wp\/v2\/media\/41298"}],"wp:attachment":[{"href":"https:\/\/e-kart.com.ar\/index.php?rest_route=%2Fwp%2Fv2%2Fmedia&parent=41287"}],"wp:term":[{"taxonomy":"category","embeddable":true,"href":"https:\/\/e-kart.com.ar\/index.php?rest_route=%2Fwp%2Fv2%2Fcategories&post=41287"},{"taxonomy":"post_tag","embeddable":true,"href":"https:\/\/e-kart.com.ar\/index.php?rest_route=%2Fwp%2Fv2%2Ftags&post=41287"}],"curies":[{"name":"wp","href":"https:\/\/api.w.org\/{rel}","templated":true}]}}