{"id":39448,"date":"2025-12-22T00:00:00","date_gmt":"2025-12-22T03:00:00","guid":{"rendered":"https:\/\/e-kart.com.ar\/v3\/iame-series-argentina-los-campeones-brillaron-en-el-coronacion\/"},"modified":"2026-01-03T16:59:36","modified_gmt":"2026-01-03T19:59:36","slug":"iame-series-argentina-los-campeones-brillaron-en-el-coronacion","status":"publish","type":"post","link":"https:\/\/e-kart.com.ar\/?p=39448","title":{"rendered":"IAME SERIES ARGENTINA: Los campeones brillaron en el Coronaci\u00f3n"},"content":{"rendered":"<p><strong>IAME Series Argentina complet\u00f3 la Champion Cup 2025 en el Kart\u00f3dromo \u201cCiudad de Buenos Aires\u201d, con m\u00e1s de 120 pilotos y una jornada agobiante que marc\u00f3 el cierre del calendario. Se definieron los campeones de la Copa de Oro y de la Copa de Plata.<\/strong><\/p>\n<p><img decoding=\"async\" class=\"aligncenter\" style=\"max-width: 100%; height: auto; margin-bottom: 20px;\" src=\"https:\/\/e-kart.com.ar\/IAME\/images\/20251221\/IMG_0002_440.jpg\" \/><\/p>\n<p><img decoding=\"async\" class=\"aligncenter\" style=\"max-width: 100%; height: auto; margin-bottom: 20px;\" src=\"https:\/\/e-kart.com.ar\/IAME\/images\/20251221\/IMG_0001_440.jpg\" \/><\/p>\n<p><strong>CABA.<\/strong> El fin de semana del Coronaci\u00f3n en el circuito n\u00famero 1 del Kart\u00f3dromo \u201cCiudad de Buenos Aires\u201d reuni\u00f3 a m\u00e1s de 120 pilotos para la \u00faltima fecha de la Champion Cup 2025 de la IAME Series Argentina. Con una jornada de intenso calor y una gran presencia de p\u00fablico, el evento entreg\u00f3 las \u00faltimas definiciones del a\u00f1o y coron\u00f3 a los campeones de cada divisional.<\/p>\n<p><strong>NOTA COMPLETA: <\/strong><a href=\"https:\/\/e-kart.com.ar\/IAME\/News251221.asp?Param=25864\">IAME SERIES ARGENTINA: Los campeones brillaron en el Coronaci\u00f3n<\/a><\/p>\n","protected":false},"excerpt":{"rendered":"<p>IAME Series Argentina complet\u00f3 la Champion Cup 2025 en el Kart\u00f3dromo \u201cCiudad de Buenos Aires\u201d, con m\u00e1s de 120 pilotos y una jornada agobiante que marc\u00f3 el cierre del calendario. Se definieron los campeones de la Copa de Oro y de la Copa de Plata.<\/p>\n","protected":false},"author":1,"featured_media":39449,"comment_status":"open","ping_status":"open","sticky":false,"template":"","format":"standard","meta":{"footnotes":""},"categories":[2037,1983],"tags":[577],"class_list":["post-39448","post","type-post","status-publish","format-standard","has-post-thumbnail","hentry","category-centrales-anteriores","category-iame-series-argentina","tag-iame-series-argentina"],"_links":{"self":[{"href":"https:\/\/e-kart.com.ar\/index.php?rest_route=\/wp\/v2\/posts\/39448","targetHints":{"allow":["GET"]}}],"collection":[{"href":"https:\/\/e-kart.com.ar\/index.php?rest_route=\/wp\/v2\/posts"}],"about":[{"href":"https:\/\/e-kart.com.ar\/index.php?rest_route=\/wp\/v2\/types\/post"}],"author":[{"embeddable":true,"href":"https:\/\/e-kart.com.ar\/index.php?rest_route=\/wp\/v2\/users\/1"}],"replies":[{"embeddable":true,"href":"https:\/\/e-kart.com.ar\/index.php?rest_route=%2Fwp%2Fv2%2Fcomments&post=39448"}],"version-history":[{"count":1,"href":"https:\/\/e-kart.com.ar\/index.php?rest_route=\/wp\/v2\/posts\/39448\/revisions"}],"predecessor-version":[{"id":41307,"href":"https:\/\/e-kart.com.ar\/index.php?rest_route=\/wp\/v2\/posts\/39448\/revisions\/41307"}],"wp:featuredmedia":[{"embeddable":true,"href":"https:\/\/e-kart.com.ar\/index.php?rest_route=\/wp\/v2\/media\/39449"}],"wp:attachment":[{"href":"https:\/\/e-kart.com.ar\/index.php?rest_route=%2Fwp%2Fv2%2Fmedia&parent=39448"}],"wp:term":[{"taxonomy":"category","embeddable":true,"href":"https:\/\/e-kart.com.ar\/index.php?rest_route=%2Fwp%2Fv2%2Fcategories&post=39448"},{"taxonomy":"post_tag","embeddable":true,"href":"https:\/\/e-kart.com.ar\/index.php?rest_route=%2Fwp%2Fv2%2Ftags&post=39448"}],"curies":[{"name":"wp","href":"https:\/\/api.w.org\/{rel}","templated":true}]}}