{"id":39141,"date":"2025-10-29T00:00:00","date_gmt":"2025-10-29T03:00:00","guid":{"rendered":"https:\/\/e-kart.com.ar\/v3\/chaqueno-tierra-prepara-su-presentacion-nocturna-en-saenz-pena\/"},"modified":"2025-10-29T00:00:00","modified_gmt":"2025-10-29T03:00:00","slug":"chaqueno-tierra-prepara-su-presentacion-nocturna-en-saenz-pena","status":"publish","type":"post","link":"https:\/\/e-kart.com.ar\/?p=39141","title":{"rendered":"CHAQUE\u00d1O TIERRA: Prepara su presentaci\u00f3n nocturna en S\u00e1enz Pe\u00f1a"},"content":{"rendered":"<p><strong>El Campeonato Provincial de Karting en Tierra \u201cGran Premio Fibras SRL\u201d disputar\u00e1 este s\u00e1bado su s\u00e9ptima fecha en el Kart\u00f3dromo de S\u00e1enz Pe\u00f1a, con la novedad de que la competencia principal se desarrollar\u00e1 bajo el sistema nocturno.<\/strong><\/p>\n<p><img src='https:\/\/e-kart.com.ar\/varias\/images\/2025\/CHAT0700_440.jpg' class='aligncenter' style='max-width:100%;height:auto;margin-bottom:20px;'><\/p>\n<p><strong>S\u00e1enz Pe\u00f1a, Chaco.<\/strong> El certamen chaque\u00f1o de karting vuelve a presentarse en S\u00e1enz Pe\u00f1a, esta vez para darle continuidad al campeonato que ya ingresa en su etapa decisiva. Ser\u00e1 la segunda cita del a\u00f1o en el trazado de 830 metros inaugurado a fines de agosto, escenario que no volvi\u00f3 a utilizarse desde entonces por cuestiones clim\u00e1ticas.<\/p>\n<p>El predio se encuentra en condiciones \u00f3ptimas para recibir a m\u00e1s de un centenar de pilotos que llegar\u00e1n desde distintos puntos de la provincia y la regi\u00f3n, representando a categor\u00edas Escuela, Varillero 160, Varillero 175, Varillero 190, Kayak 195 y Yamaha Internacional.<\/p>\n<p>Si bien el cronograma oficial a\u00fan no fue difundido, se confirm\u00f3 que la actividad en pista se concentrar\u00e1 el s\u00e1bado, con apertura del circuito desde las primeras horas y desarrollo de clasificaci\u00f3n, series y finales por la tarde y noche. Se espera que algunas divisiones puedan definir anticipadamente a sus campeones.<\/p>\n<p>En la divisional Escuela, el charatense Esteban Rodr\u00edguez llega como s\u00f3lido l\u00edder con 332,5 puntos, escoltado por el local Milo Herasimchuk y Mart\u00edn Mac\u00edas de Quitilipi. En Varilleros 160, Aaron Nusbaum de San Bernardo encabeza la tabla con 208 unidades, seguido de Gonzalo Herasimchuk, otro cr\u00e9dito de S\u00e1enz Pe\u00f1a.<\/p>\n<p>Lucas Herasimchuk domina entre los Varilleros 175 con 153 puntos, mientras que Luciano Carlisi de Charata manda en 190 con 167. En Kayak 195, Juan Monferrer de Villa \u00c1ngela se mantiene al frente con 170,5 puntos, y en Yamaha Internacional, Carlos Walter, de Coronel Du Graty, lidera con 200,5 y asoma como firme candidato al t\u00edtulo.<\/p>\n<p>De esta manera, el \u201cGran Premio Fibras SRL\u201d se prepara para vivir una jornada diferente, con la competencia provincial de karting desplegando toda su actividad bajo las luces del kart\u00f3dromo de S\u00e1enz Pe\u00f1a, en una noche que promete marcar el rumbo del campeonato.<\/p>\n<p> <img src=\/images\/Banner_Varios25_440x22.jpg class=encuadre-pub-fotos> <a href=\/varias\/images\/2025\/CHAT0710_440.jpg target=_blank> <img src=\/varias\/images\/2025\/CHAT0710_440.jpg class=encuadre-fotos><\/a> <span bgcolor=#DFDFDF class=texto-epigrafe>Ph. Foto Ya<\/span><\/p>\n<p> Inform\u00f3: E-Kart.com.ar<\/p>\n","protected":false},"excerpt":{"rendered":"<p>El Campeonato Provincial de Karting en Tierra \u201cGran Premio Fibras SRL\u201d disputar\u00e1 este s\u00e1bado su s\u00e9ptima fecha en el Kart\u00f3dromo de S\u00e1enz Pe\u00f1a, con la novedad de que la competencia principal se desarrollar\u00e1 bajo el sistema nocturno.<\/p>\n","protected":false},"author":1,"featured_media":39142,"comment_status":"open","ping_status":"open","sticky":false,"template":"","format":"standard","meta":{"footnotes":""},"categories":[2039,2016],"tags":[223],"class_list":["post-39141","post","type-post","status-publish","format-standard","has-post-thumbnail","hentry","category-breves","category-chaqueno-tierra","tag-chaqueno-tierra"],"_links":{"self":[{"href":"https:\/\/e-kart.com.ar\/index.php?rest_route=\/wp\/v2\/posts\/39141","targetHints":{"allow":["GET"]}}],"collection":[{"href":"https:\/\/e-kart.com.ar\/index.php?rest_route=\/wp\/v2\/posts"}],"about":[{"href":"https:\/\/e-kart.com.ar\/index.php?rest_route=\/wp\/v2\/types\/post"}],"author":[{"embeddable":true,"href":"https:\/\/e-kart.com.ar\/index.php?rest_route=\/wp\/v2\/users\/1"}],"replies":[{"embeddable":true,"href":"https:\/\/e-kart.com.ar\/index.php?rest_route=%2Fwp%2Fv2%2Fcomments&post=39141"}],"version-history":[{"count":0,"href":"https:\/\/e-kart.com.ar\/index.php?rest_route=\/wp\/v2\/posts\/39141\/revisions"}],"wp:featuredmedia":[{"embeddable":true,"href":"https:\/\/e-kart.com.ar\/index.php?rest_route=\/wp\/v2\/media\/39142"}],"wp:attachment":[{"href":"https:\/\/e-kart.com.ar\/index.php?rest_route=%2Fwp%2Fv2%2Fmedia&parent=39141"}],"wp:term":[{"taxonomy":"category","embeddable":true,"href":"https:\/\/e-kart.com.ar\/index.php?rest_route=%2Fwp%2Fv2%2Fcategories&post=39141"},{"taxonomy":"post_tag","embeddable":true,"href":"https:\/\/e-kart.com.ar\/index.php?rest_route=%2Fwp%2Fv2%2Ftags&post=39141"}],"curies":[{"name":"wp","href":"https:\/\/api.w.org\/{rel}","templated":true}]}}