{"id":39009,"date":"2025-10-03T00:00:00","date_gmt":"2025-10-03T03:00:00","guid":{"rendered":"https:\/\/e-kart.com.ar\/v3\/misionero-tierra-recalculando\/"},"modified":"2025-10-03T00:00:00","modified_gmt":"2025-10-03T03:00:00","slug":"misionero-tierra-recalculando","status":"publish","type":"post","link":"https:\/\/e-kart.com.ar\/?p=39009","title":{"rendered":"MISIONERO TIERRA: Recalculando&#8230;"},"content":{"rendered":"<p><strong>La Federaci\u00f3n Misionera de Motociclismo, Motocross, Cuatriciclos, Enduro y Karting (FMMCEyK) confirm\u00f3 que la 7\u00aa fecha del Misionero de Karting en tierra se correr\u00e1 finalmente el 18 y 19 de octubre en Puerto Rico.<\/strong><\/p>\n<p><img src='https:\/\/e-kart.com.ar\/varias\/images\/2025\/MST0698_440.jpg' class='aligncenter' style='max-width:100%;height:auto;margin-bottom:20px;'><\/p>\n<p><strong>Posadas, Misiones.<\/strong> Luego de varios idas y vueltas en el calendario del Misionero de Karting en tierra, la Federaci\u00f3n Misionera de Motociclismo, Motocross, Cuatriciclos, Enduro y Karting (FMMCEyK) emiti\u00f3 un nuevo comunicado confirmando cambios en las fechas previstas para la s\u00e9ptima presentaci\u00f3n del a\u00f1o.<\/p>\n<p>La entidad inform\u00f3 que la competencia se disputar\u00e1 finalmente los d\u00edas 18 y 19 de octubre en el Kart\u00f3dromo Carlos Albisser de Puerto Rico, tal como estaba originalmente pactado antes de la \u00faltima modificaci\u00f3n. De esta manera, se deja sin efecto el anuncio previo que ubicaba la cita en noviembre.<\/p>\n<p>Desde la Federaci\u00f3n explicaron que la superposici\u00f3n de fechas con otras actividades de pista, sumado a la falta de sensores para el cronometraje, imposibilit\u00f3 mantener el calendario anterior. <span class=dichos>\u201cNos vemos imposibilitados a realizar dichas fechas\u201d<\/span>, se\u00f1alaron en el comunicado, al tiempo que lamentaron <span class=dichos>\u201clas desprolijidades de cambios de fecha, cosas que escapan a nuestra forma de trabajo\u201d.<\/span><\/p>\n<p>Adem\u00e1s, la FMMCEyK agradeci\u00f3 al intendente de Puerto Rico, Carlos Koth, al Sr. Beto Reiser y a la comisi\u00f3n del Kart\u00f3dromo Carlos Albisser, junto al intendente de Campo Grande, Carlos Sartori, por el acompa\u00f1amiento constante.<\/p>\n<p>De esta manera, el certamen volver\u00e1 a tener actividad en Puerto Rico el 18 y 19 de octubre, antes de encarar la \u00faltima fecha del calendario, que definir\u00e1 a los campeones de la temporada 2025.<\/p>\n<p> <span class=volanta> COMUNICADO OFICIAL<\/span><\/p>\n<p><iframe width=100% height=800px frameborder=0 src=https:\/\/instagram.com\/p\/DPZUoIwj6T_\/embed scrolling=no><\/iframe><\/p>\n<p> Inform\u00f3: E-Kart.com.ar <\/p>\n","protected":false},"excerpt":{"rendered":"<p>La Federaci\u00f3n Misionera de Motociclismo, Motocross, Cuatriciclos, Enduro y Karting (FMMCEyK) confirm\u00f3 que la 7\u00aa fecha del Misionero de Karting en tierra se correr\u00e1 finalmente el 18 y 19 de octubre en Puerto Rico.<\/p>\n","protected":false},"author":1,"featured_media":39010,"comment_status":"open","ping_status":"open","sticky":false,"template":"","format":"standard","meta":{"footnotes":""},"categories":[2039,1971],"tags":[418],"class_list":["post-39009","post","type-post","status-publish","format-standard","has-post-thumbnail","hentry","category-breves","category-misionero-tierra","tag-misionero-tierra"],"_links":{"self":[{"href":"https:\/\/e-kart.com.ar\/index.php?rest_route=\/wp\/v2\/posts\/39009","targetHints":{"allow":["GET"]}}],"collection":[{"href":"https:\/\/e-kart.com.ar\/index.php?rest_route=\/wp\/v2\/posts"}],"about":[{"href":"https:\/\/e-kart.com.ar\/index.php?rest_route=\/wp\/v2\/types\/post"}],"author":[{"embeddable":true,"href":"https:\/\/e-kart.com.ar\/index.php?rest_route=\/wp\/v2\/users\/1"}],"replies":[{"embeddable":true,"href":"https:\/\/e-kart.com.ar\/index.php?rest_route=%2Fwp%2Fv2%2Fcomments&post=39009"}],"version-history":[{"count":0,"href":"https:\/\/e-kart.com.ar\/index.php?rest_route=\/wp\/v2\/posts\/39009\/revisions"}],"wp:featuredmedia":[{"embeddable":true,"href":"https:\/\/e-kart.com.ar\/index.php?rest_route=\/wp\/v2\/media\/39010"}],"wp:attachment":[{"href":"https:\/\/e-kart.com.ar\/index.php?rest_route=%2Fwp%2Fv2%2Fmedia&parent=39009"}],"wp:term":[{"taxonomy":"category","embeddable":true,"href":"https:\/\/e-kart.com.ar\/index.php?rest_route=%2Fwp%2Fv2%2Fcategories&post=39009"},{"taxonomy":"post_tag","embeddable":true,"href":"https:\/\/e-kart.com.ar\/index.php?rest_route=%2Fwp%2Fv2%2Ftags&post=39009"}],"curies":[{"name":"wp","href":"https:\/\/api.w.org\/{rel}","templated":true}]}}