{"id":38989,"date":"2025-10-02T00:00:00","date_gmt":"2025-10-02T03:00:00","guid":{"rendered":"https:\/\/e-kart.com.ar\/v3\/patagonico-se-viene-un-intenso-fin-de-semana-con-doble-fecha\/"},"modified":"2025-10-02T00:00:00","modified_gmt":"2025-10-02T03:00:00","slug":"patagonico-se-viene-un-intenso-fin-de-semana-con-doble-fecha","status":"publish","type":"post","link":"https:\/\/e-kart.com.ar\/?p=38989","title":{"rendered":"PATAGONICO: Se viene un intenso fin de semana con doble fecha"},"content":{"rendered":"<p><strong>Con fecha doble sigue el Campeonato Patag\u00f3nico de Karting en el Moto Club Reginense.<\/strong><\/p>\n<p><img src='https:\/\/e-kart.com.ar\/varias\/images\/2025\/PAT0700_440.jpg' class='aligncenter' style='max-width:100%;height:auto;margin-bottom:20px;'><\/p>\n<p><strong>Villa Regina, R\u00edo Negro.<\/strong> La 7\u00aa fecha del calendario se iniciar\u00e1 el d\u00eda s\u00e1bado con la realizaci\u00f3n de las administrativas, para tener un primer contacto con la pista del Kart\u00f3dromo del Moto Club Reginense en la que ser\u00e1n las \u00fanicas dos tandas de pruebas oficiales cronometradas.<\/p>\n<\/p>\n<p>En cuanto a lo competitivo, pr\u00f3ximo al mediod\u00eda se desarrollar\u00e1n las clasificaciones, posteriormente las series, cerrando con las finales y podios de premiaci\u00f3n.<\/p>\n<p>El domingo se correr\u00e1 la 8\u00aa fecha, la cual se correr\u00e1 empleando tambi\u00e9n la variante larga del circuito.<br \/>   Esta segunda competencia del fin de semana se iniciar\u00e1 directamente con la realizaci\u00f3n de las clasificaciones. Pasando luego a correr las series de ordenamiento, finales y premiaci\u00f3n de la fecha.<\/p>\n<p>   <span class=campeones>CRONOGRAMA<\/span><\/p>\n<p>  <span class=volanta-resultados> SABADO \u2013 7\u00aa FECHA<\/span><br \/>   09:00hs \u2013 Administrativa<br \/>   10:30hs \u2013 Pruebas Libres \/ 2 tandas cronometradas<br \/>   11:30hs &#8211; Clasificaciones <br \/>   12:30hs \u2013 Series y finales<\/p>\n<p><span class=volanta-resultados>DOMINGO \u2013 8\u00aa FECHA<\/span><br \/>   09:30hs \u2013 Clasificaci\u00f3n<br \/>   11:00hs . Series y finales<br \/> (no se realizar\u00e1n pruebas el domingo)<\/p>\n<p> <span class=campeones>VALORES INSCRIPCION Y ENTRADA AL EVENTO<\/span><\/p>\n<p>  La Comisi\u00f3n Directiva del Moto Club Reginense comunica los valores de las inscripciones administrativas para la doble fecha ser\u00e1n los siguientes:<br \/>   Seguro A.A.V. &#8211; $ 50.000.<br \/>   Inscripci\u00f3n, sensor &#8211; $ 170.000.<br \/>   Costo total fin de semana &#8211; $ 220.000.<br \/>   El valor de la entrada para el ingreso del p\u00fablico, incluye los dos d\u00edas &#8211; $ 10.000.<\/p>\n<p> Inform\u00f3: Prensa MCR<\/p>\n","protected":false},"excerpt":{"rendered":"<p>Con fecha doble sigue el Campeonato Patag\u00f3nico de Karting en el Moto Club Reginense.<\/p>\n","protected":false},"author":1,"featured_media":38990,"comment_status":"open","ping_status":"open","sticky":false,"template":"","format":"standard","meta":{"footnotes":""},"categories":[2039,1992],"tags":[229],"class_list":["post-38989","post","type-post","status-publish","format-standard","has-post-thumbnail","hentry","category-breves","category-patagonico","tag-patagonico"],"_links":{"self":[{"href":"https:\/\/e-kart.com.ar\/index.php?rest_route=\/wp\/v2\/posts\/38989","targetHints":{"allow":["GET"]}}],"collection":[{"href":"https:\/\/e-kart.com.ar\/index.php?rest_route=\/wp\/v2\/posts"}],"about":[{"href":"https:\/\/e-kart.com.ar\/index.php?rest_route=\/wp\/v2\/types\/post"}],"author":[{"embeddable":true,"href":"https:\/\/e-kart.com.ar\/index.php?rest_route=\/wp\/v2\/users\/1"}],"replies":[{"embeddable":true,"href":"https:\/\/e-kart.com.ar\/index.php?rest_route=%2Fwp%2Fv2%2Fcomments&post=38989"}],"version-history":[{"count":0,"href":"https:\/\/e-kart.com.ar\/index.php?rest_route=\/wp\/v2\/posts\/38989\/revisions"}],"wp:featuredmedia":[{"embeddable":true,"href":"https:\/\/e-kart.com.ar\/index.php?rest_route=\/wp\/v2\/media\/38990"}],"wp:attachment":[{"href":"https:\/\/e-kart.com.ar\/index.php?rest_route=%2Fwp%2Fv2%2Fmedia&parent=38989"}],"wp:term":[{"taxonomy":"category","embeddable":true,"href":"https:\/\/e-kart.com.ar\/index.php?rest_route=%2Fwp%2Fv2%2Fcategories&post=38989"},{"taxonomy":"post_tag","embeddable":true,"href":"https:\/\/e-kart.com.ar\/index.php?rest_route=%2Fwp%2Fv2%2Ftags&post=38989"}],"curies":[{"name":"wp","href":"https:\/\/api.w.org\/{rel}","templated":true}]}}