{"id":38985,"date":"2025-10-02T00:00:00","date_gmt":"2025-10-02T03:00:00","guid":{"rendered":"https:\/\/e-kart.com.ar\/v3\/chaqueno-tierra-la-sexta-se-muda-a-santa-sylvina\/"},"modified":"2025-10-02T00:00:00","modified_gmt":"2025-10-02T03:00:00","slug":"chaqueno-tierra-la-sexta-se-muda-a-santa-sylvina","status":"publish","type":"post","link":"https:\/\/e-kart.com.ar\/?p=38985","title":{"rendered":"CHAQUE\u00d1O TIERRA: La sexta se muda a Santa Sylvina"},"content":{"rendered":"<p><img src='https:\/\/e-kart.com.ar\/varias\/images\/2025\/CHAT0600_440.jpg' class='aligncenter' style='max-width:100%;height:auto;margin-bottom:20px;'><\/p>\n<p><strong>S\u00e1enz Pe\u00f1a, Chaco.<\/strong> Ante la imposibilidad de poder concretar la prueba en el Kart\u00f3dromo S\u00e1enz Pe\u00f1a, la sexta fecha del Campeonato Provincial de Karting en Tierra se traslada a Santa Sylvina, que el pr\u00f3ximo fin de semana albergar\u00e1 a las seis categor\u00edas para dar cumplimiento al calendario de competencias y otorgar\u00e1 puntaje y medio.<\/p>\n<p>Desde la comisi\u00f3n encargada de la organizaci\u00f3n del certamen comunicaron de manera oficial que la actividad prevista para el s\u00e1bado 4 y domingo 5 no se interrumpir\u00e1 y que \u201cse corre igual\u201d, para confirmar de inmediato que solo se cambiar\u00e1 de escenario.<\/p>\n<p>La lluvia ca\u00edda en S\u00e1enz Pe\u00f1a en la madrugada del martes complic\u00f3 la recuperaci\u00f3n que ven\u00eda teniendo el predio saenzpe\u00f1ense, y esta circunstancia llev\u00f3 a la dirigencia local y a los t\u00e9cnicos de Vialidad Provincial a evaluar si se podr\u00eda presentar en condiciones el trazado para el fin de semana.<\/p>\n<p>Tras recorrer el lugar y evaluar las perspectivas clim\u00e1ticas, no se ofrec\u00eda garant\u00edas para correr tal como se hab\u00eda previsto, y ante esta situaci\u00f3n desde el CPKT se resolvi\u00f3 trasladar la sexta fecha del campeonato al kart\u00f3dromo del Club Deportivo Comercio de Santa Sylvina.<\/p>\n<p>Al respecto, la entidad organizadora inform\u00f3 mediante las redes sociales que <span class=dichos>\u201cse aguard\u00f3 hasta \u00faltimo momento con la intenci\u00f3n de realizar la competencia en el circuito de S\u00e1enz Pe\u00f1a, pero debido a la lluvia ca\u00edda en la jornada de ayer, no se logran las condiciones \u00f3ptimas para el trabajo en pista\u201d.<\/span><\/p>\n<p> <img src=\/images\/Banner_Varios25_440x22.jpg class=encuadre-pub-fotos> <a href=https:\/\/www.ecodeportivo.com.ar\/img\/2025\/04\/karting-comienza.jpg target=_blank> <img src=https:\/\/www.ecodeportivo.com.ar\/img\/2025\/04\/karting-comienza.jpg class=encuadre-fotos><\/a> <span bgcolor=#DFDFDF class=texto-epigrafe>Ph. Eco Deportivo<\/span><\/p>\n<p> Fuente: Eco Deportivo (Chaco)<\/p>\n","protected":false},"excerpt":{"rendered":"<p>S\u00e1enz Pe\u00f1a, Chaco. Ante la imposibilidad de poder concretar la prueba en el Kart\u00f3dromo S\u00e1enz Pe\u00f1a, la sexta fecha del Campeonato Provincial de Karting en Tierra se traslada a Santa&hellip; <\/p>\n","protected":false},"author":1,"featured_media":38986,"comment_status":"open","ping_status":"open","sticky":false,"template":"","format":"standard","meta":{"footnotes":""},"categories":[2016,2038],"tags":[223],"class_list":["post-38985","post","type-post","status-publish","format-standard","has-post-thumbnail","hentry","category-chaqueno-tierra","category-medios","tag-chaqueno-tierra"],"_links":{"self":[{"href":"https:\/\/e-kart.com.ar\/index.php?rest_route=\/wp\/v2\/posts\/38985","targetHints":{"allow":["GET"]}}],"collection":[{"href":"https:\/\/e-kart.com.ar\/index.php?rest_route=\/wp\/v2\/posts"}],"about":[{"href":"https:\/\/e-kart.com.ar\/index.php?rest_route=\/wp\/v2\/types\/post"}],"author":[{"embeddable":true,"href":"https:\/\/e-kart.com.ar\/index.php?rest_route=\/wp\/v2\/users\/1"}],"replies":[{"embeddable":true,"href":"https:\/\/e-kart.com.ar\/index.php?rest_route=%2Fwp%2Fv2%2Fcomments&post=38985"}],"version-history":[{"count":0,"href":"https:\/\/e-kart.com.ar\/index.php?rest_route=\/wp\/v2\/posts\/38985\/revisions"}],"wp:featuredmedia":[{"embeddable":true,"href":"https:\/\/e-kart.com.ar\/index.php?rest_route=\/wp\/v2\/media\/38986"}],"wp:attachment":[{"href":"https:\/\/e-kart.com.ar\/index.php?rest_route=%2Fwp%2Fv2%2Fmedia&parent=38985"}],"wp:term":[{"taxonomy":"category","embeddable":true,"href":"https:\/\/e-kart.com.ar\/index.php?rest_route=%2Fwp%2Fv2%2Fcategories&post=38985"},{"taxonomy":"post_tag","embeddable":true,"href":"https:\/\/e-kart.com.ar\/index.php?rest_route=%2Fwp%2Fv2%2Ftags&post=38985"}],"curies":[{"name":"wp","href":"https:\/\/api.w.org\/{rel}","templated":true}]}}