{"id":38715,"date":"2025-09-01T00:00:00","date_gmt":"2025-09-01T03:00:00","guid":{"rendered":"https:\/\/e-kart.com.ar\/v3\/chaqueno-tierra-saenz-pena-vibro-en-una-jornada-historica\/"},"modified":"2025-09-01T00:00:00","modified_gmt":"2025-09-01T03:00:00","slug":"chaqueno-tierra-saenz-pena-vibro-en-una-jornada-historica","status":"publish","type":"post","link":"https:\/\/e-kart.com.ar\/?p=38715","title":{"rendered":"CHAQUE\u00d1O TIERRA: S\u00e1enz Pe\u00f1a vibr\u00f3 en una jornada hist\u00f3rica"},"content":{"rendered":"<p><strong>En un d\u00eda hist\u00f3rico por la inauguraci\u00f3n del \u201cKart\u00f3dromo S\u00e1enz Pe\u00f1a\u201d, la quinta fecha del Campeonato Provincial Chaque\u00f1o de Karting en Tierra ofreci\u00f3 un espect\u00e1culo notable en las seis categor\u00edas, con un gran acompa\u00f1amiento del p\u00fablico que coron\u00f3 la jornada con el \u00e9xito que se esperaba.<\/strong><\/p>\n<p><img src='https:\/\/e-kart.com.ar\/varias\/images\/2025\/CHAT0501_440.jpg' class='aligncenter' style='max-width:100%;height:auto;margin-bottom:20px;'><\/p>\n<p><strong>S\u00e1enz Pe\u00f1a, Chaco.<\/strong> El trabajo conjunto que se realiz\u00f3 entre varios organismos de los estados provincial y municipal permiti\u00f3 que la fiesta estuviera a la altura de las expectativas, aunque l\u00f3gicamente con cuestiones por corregir a partir de la experiencia que se va incorporando.<\/p>\n<p>Un grupo de dirigentes, con Diego Codutti y Jorge \u00c1lvarez como caras visibles, aceptaron el desaf\u00edo y cumplieron con creces.<\/p>\n<p>Fueron 98 los corredores que se inscribieron para esta jornada, con preminencia de las categor\u00edas Varilleros 175 y 190 kilogramos. En Escuela volvi\u00f3 a prevalecer Esteban Rodr\u00edguez, adjudic\u00e1ndose las dos finales y con Milo Herasimchuk y Mart\u00edn Mac\u00edas como escoltas en ambos casos. Aar\u00f3n Nusbaum, de San Bernardo, volvi\u00f3 a quedarse con la prueba de Varilleros 160 en una re\u00f1ida final con Gonzalo Herasimchuk y Emiliano Belich.<\/p>\n<p>En Varilleros 175 la victoria qued\u00f3 para el local Fausto Vicente, con Ciro Villalba y Franco Melli como acompa\u00f1antes en el podio. Cabe mencionar que en esta carrera se produjo un grave altercado entre Kevin Walter y Tom\u00e1s Bergallo, con agresi\u00f3n f\u00edsica incluida, tras un toque que dej\u00f3 a ambos fuera de competencia en la serie y luego excluidos.<\/p>\n<p>Otra carrera vistosa fue la que ofrecieron los pilotos de Varilleros 190, con trabajoso y emotivo triunfo del pinedense Yamil Beliz\u00e1n, seguido por Luciano Carlisi y Mat\u00edas Mart\u00edn; mientras que en Kayak 195 la victoria qued\u00f3 en poder del villangelense Juan Monferrer; y en Yamaha, Carlos Walter.<\/p>\n<p>La pr\u00f3xima fecha del certamen se correr\u00e1 nuevamente en el trazado de la Ciudad Termal el 20 y 21 de septiembre, donde se espera otra nutrida concurrencia de m\u00e1quinas, pilotos y espectadores, adem\u00e1s de algunas innovaciones en el flamante predio.<\/p>\n<p><span class=campeones>RESULTADOS FINALES<\/span><\/p>\n<p>   <strong>YAMAHA INTERNACIONAL<\/strong><br \/>   <strong>Final: <\/strong>1. Walter, Carlos, 2. Martin Matias, 3. De Arriba, Daniel, 4. Linque, Gonzalo, 5. Orcola, Geronimo, 6. Mieronchuk, Marcos, 7. Verbik, Sacha, Nc. Mourglia, Juan Manuel, Nc. Villa, Marcelo.<\/p>\n<p>   <strong>VARILLERO 160KG<\/strong><br \/>   <strong>Final: <\/strong>1. Nusbaum, Aaron, 2. Herasimchuk, Gonzalo, 3. Belich, Emiliano, 4. Macias, Tomas, 5. Villarreal, Francisco, 6. Valega, Mauricio Maximiliano, 7. Barraza Contreras, Lautaro, 8. Merynda, Matias, 9. Macias, Santiago Roberto, 10. Acevedo, Cristian.<\/p>\n<p>   <strong>VARILLERO 190KG<\/strong><br \/>   <strong>Final: <\/strong>1. Belizan, Yamil, 2. Carlisi, Luciano, 3. Martin, Matias, 4. Ursiny, Hugo, 5. Strohschein, Franco, 6. Iturrospe, Jose, 7. Duarte, Eduardo, 8. Quiroga, Andres, 9. Nass, German, 10. Baratto, Mariano, 11. Ocantos, Leonardo, 12. Macias, Nicolas, 13. Storani, Ignacio, 14. Pigliacampo, Gabriel, 15. Videnoff, Victor, 16. Alvarez, Sergio, 17. Pauluk, Eber, 18. Estoianoff, Leonardo Matias, 19. Graneros, Roque Alejandro, 20. Pared, Facundo Damian, 21. Vallejos, Guillermo, Nc. Kovarik, Leandro, Nc. Monferrer, Juan , Sv. Ramos, Rodrigo, Ex. Lopez, Diego.<\/p>\n<p>   <strong>VARILLERO 175KG<\/strong><br \/>   <strong>Final: <\/strong>1. Vicente Fausto, 2. Villaba, Ciro, 3. Melli Franco, 4. Medina, Gabriel, 5. Barrientos, Rodrigo, 6. Franco Agustin, 7. Fernandez, Nicolas, 8. Herasimchuk, Lucas, 9. Vicente Genaro, 10. Diancoff, Ayrton, 11. Ivan, Juniors, 12. Galeano, Gonzalo, 13. Frias, Nicolas Francisco, 14. Martinez, Fernando, 15. Sosa, Lucas, 16. Barrientos, Joaquin, 17. Fernandez, Maximiliano, 18. Leiva, Federico, 19. Nu\u00f1ez Verza Thiago, Nc. Lugo, Nicolas Hernan, Nc. Veron Cristian, Nc. Perez, Victor Milan, Sv. Gauto, Yoel Alan.<\/p>\n<p>   <strong>ESCUELA<\/strong><br \/>   <strong>Final: <\/strong>1. Rodriguez, Esteban, 2. Herasimchuk, Milo, 3. Macias, Martin Alejandro, 4. Ivan, Teo, 5. Codutti, Benjamin, 6. Miron, Joaquin Bautista, 7. Storani, Patricio, 8. Medina, Ciro, 9. Gay, Sofia, 10. Coria Thiago Hector, 11. Kovarik, Ayrton Matias, 12. Alvarez Salvador, 13. Saguir, Agustin, 14. Belich, Antuan, 15. Gimenez, Esteban Leonel, 16. Elalle, Francisco Agustin, Nc. Gonzalez, Samuel , Nc. Pellizzari,L Juan Bautista.<\/p>\n<p>   <strong>ESCUELA<\/strong><br \/>   <strong>Final: <\/strong>1. Rodriguez, Esteban, 2. Herasimchuk, Milo, 3. Macias, Martin Alejandro, 4. Ivan, Teo, 5. Storani, Patricio, 6. Miron, Joaquin Bautista, 7. Gonzalez, Samuel , 8. Alvarez Salvador, 9. Medina, Ciro, 10. Coria Thiago Hector, 11. Gay, Sofia, 12. Kovarik, Ayrton Matias, 13. Pellizzari,L Juan Bautista, 14. Saguir, Agustin, 15. Codutti, Benjamin, 16. Gimenez, Esteban Leonel, 17. Belich, Antuan, 18. Elalle, Francisco Agustin.<\/p>\n<p>   <strong>KAYAK 195KG<\/strong><br \/> <strong>Final: <\/strong>1. Monferrer, Juan, 2. Villareal, German, 3. Yvanovich, Nicolas, 4. Maurino, Pablo, 5. Parij, Nicolas Ricardo, 6. Bea, Oscar Edgardo, 7. Vazquez, Enrique, 8. Gua\u00f1abens, Sebastian, Nc. Soria, Franco, Nc. Graneros, Roque, Ex. Pigliacampo, Gabriel.<\/p>\n<p>\u00a0<\/p>\n<p> <span class=volanta>RESULTADOS OFICIALES<\/span><\/p>\n<p class=pie-nota-interior><img src=images\/Vin_Naranja_7x7.jpg> <font face=Verdana size=1 color=#0000FF><strong> <a href=https:\/\/speedhive.mylaps.com\/events\/3200135 target=_blank>Ver Resultados Completos<\/a><\/strong><\/font><\/p>\n<p> Fuente: Eco Deportivo (Chaco)<\/p>\n","protected":false},"excerpt":{"rendered":"<p>En un d\u00eda hist\u00f3rico por la inauguraci\u00f3n del \u201cKart\u00f3dromo S\u00e1enz Pe\u00f1a\u201d, la quinta fecha del Campeonato Provincial Chaque\u00f1o de Karting en Tierra ofreci\u00f3 un espect\u00e1culo notable en las seis categor\u00edas, con un gran acompa\u00f1amiento del p\u00fablico que coron\u00f3 la jornada con el \u00e9xito que se esperaba.<\/p>\n","protected":false},"author":1,"featured_media":38716,"comment_status":"open","ping_status":"open","sticky":false,"template":"","format":"standard","meta":{"footnotes":""},"categories":[2016,2038],"tags":[223],"class_list":["post-38715","post","type-post","status-publish","format-standard","has-post-thumbnail","hentry","category-chaqueno-tierra","category-medios","tag-chaqueno-tierra"],"_links":{"self":[{"href":"https:\/\/e-kart.com.ar\/index.php?rest_route=\/wp\/v2\/posts\/38715","targetHints":{"allow":["GET"]}}],"collection":[{"href":"https:\/\/e-kart.com.ar\/index.php?rest_route=\/wp\/v2\/posts"}],"about":[{"href":"https:\/\/e-kart.com.ar\/index.php?rest_route=\/wp\/v2\/types\/post"}],"author":[{"embeddable":true,"href":"https:\/\/e-kart.com.ar\/index.php?rest_route=\/wp\/v2\/users\/1"}],"replies":[{"embeddable":true,"href":"https:\/\/e-kart.com.ar\/index.php?rest_route=%2Fwp%2Fv2%2Fcomments&post=38715"}],"version-history":[{"count":0,"href":"https:\/\/e-kart.com.ar\/index.php?rest_route=\/wp\/v2\/posts\/38715\/revisions"}],"wp:featuredmedia":[{"embeddable":true,"href":"https:\/\/e-kart.com.ar\/index.php?rest_route=\/wp\/v2\/media\/38716"}],"wp:attachment":[{"href":"https:\/\/e-kart.com.ar\/index.php?rest_route=%2Fwp%2Fv2%2Fmedia&parent=38715"}],"wp:term":[{"taxonomy":"category","embeddable":true,"href":"https:\/\/e-kart.com.ar\/index.php?rest_route=%2Fwp%2Fv2%2Fcategories&post=38715"},{"taxonomy":"post_tag","embeddable":true,"href":"https:\/\/e-kart.com.ar\/index.php?rest_route=%2Fwp%2Fv2%2Ftags&post=38715"}],"curies":[{"name":"wp","href":"https:\/\/api.w.org\/{rel}","templated":true}]}}