{"id":38632,"date":"2025-08-21T00:00:00","date_gmt":"2025-08-21T03:00:00","guid":{"rendered":"https:\/\/e-kart.com.ar\/v3\/kdo-ante-la-segunda-fecha-del-clausura\/"},"modified":"2025-08-21T00:00:00","modified_gmt":"2025-08-21T03:00:00","slug":"kdo-ante-la-segunda-fecha-del-clausura","status":"publish","type":"post","link":"https:\/\/e-kart.com.ar\/?p=38632","title":{"rendered":"KDO: Ante la segunda fecha del Clausura"},"content":{"rendered":"<p><strong>El Kart del Oeste Bonaerense encara la segunda fecha del Clausura en el Kart\u00f3dromo de Trenque Lauquen. La actividad comenzar\u00e1 el s\u00e1bado con tandas de pruebas y continuar\u00e1 el domingo con ensayos, clasificaciones y finales para todas las categor\u00edas, en un marco de gran inter\u00e9s y creciente competitividad. <\/strong><\/p>\n<p><img src='https:\/\/e-kart.com.ar\/varias\/images\/2025\/KDOB1200_440.jpg' class='aligncenter' style='max-width:100%;height:auto;margin-bottom:20px;'><\/p>\n<p><strong>Trenque Lauquen, Buenos Aires.<\/strong> Este pr\u00f3ximo fin de semana el Kart del Oeste Bonaerense dar\u00e1 continuidad al Campeonato Clausura con la concreci\u00f3n de la segunda fecha puntuable, actividad que se centralizar\u00e1 en el Kart\u00f3dromo \u201cCiudad de Trenque Lauquen\u201d, en donde se ha previsto un cronograma que asegura una intensa actividad en pista para las divisionales que forman parte del certamen.<\/p>\n<p>En tal sentido, durante el d\u00eda s\u00e1bado se realizar\u00e1n tres tandas de pruebas por categor\u00eda, en tanto que para el domingo se prev\u00e9 una tanda de ensayos libres, clasificaciones y finales para las categor\u00edas Escuelita, Kayak 250cc. Livianos, 250cc. Pesados, Directos 125cc. Junior, ROTAX 125cc. Menores y ROTAX 125cc. Senior.<\/p>\n<p>Al entrar en la previa de esta competencia es destacable hacer menci\u00f3n al inter\u00e9s despertado en el ambiente kartista, el cual ya se pudo ver reflejado en la cita inicial de la temporada en algunas de las categor\u00edas m\u00e1s convocantes. Claro est\u00e1 que a su vez esta tendencia trae consigo un incremento en el nivel de competitividad, generando una exigencia mayor al momento de salir a pista para buscar una vuelta r\u00e1pida o afrontar algunas de las competencias.<\/p>\n<p>Tras la fecha inaugural, el monarca de la categor\u00eda Escuelita Camilo Kosac se ha posicionado en la punta del certamen con 48 unidades con la clara intenci\u00f3n de defender el N\u00b01, pero Iv\u00e1n Sosa ya demostr\u00f3 su potencial al llegar al triunfo y as\u00ed registrar 37 puntos para ser el escolta. El 3er puesto actual de Stefano Volta con 34 lo sit\u00faan en un lugar de importancia en este comienzo.<\/p>\n<p>En la 250cc. Kayak Liviano es la riverense Luc\u00eda Todino quien llega como l\u00edder en las posiciones merced a la doble victoria marcada en la primera fecha, ostentando as\u00ed un acumulado de 47 puntos contra los 41 que ha reunido el quemuense Javier Sosa y los 38 del Campe\u00f3n Mauro Cacciatore, ambos sosteniendo su protagonismo dentro de la especialidad.<\/p>\n<p>Por su parte, en la 250cc. Kayak Pesado es Roberto Berterreix quien ha saltado prontamente a la cima del torneo respaldado por un contundente y triunfal comienzo, el cual le permite contar con 47 unidades a su favor. Detr\u00e1s, Alejandro Coria se coloca en el 2do lugar totalizando 34 puntos y seguido muy de cerca por Roberto Bathis con 33.<\/p>\n<p>El villaerense Gabriel Pender Assone llega en la punta del campeonato de la Directos 125cc. Junior aferr\u00e1ndose a su caracter\u00edstica regularidad, sumando en este comienzo 45 puntos con una victoria incluida. En otro destacado trabajo, el trenquelauquense Gonzalo Vera se establece como escolta con 39 unidades, mientras que Mateo Cepa de Carlos Tejedor es el 3ero en el campeonato con 34.<\/p>\n<p>En lo que refiere a la ROTAX 125cc. Menores, el l\u00edder Valent\u00edn Luj\u00e1n es el puntero con 53 puntos, en tanto que su escolta Santiago Delgado re\u00fane 42 y se posiciona como uno de los principales rivales del trenquelauquense junto a Juan Segundo Leompar, tercero con 30 unidades.<\/p>\n<p>Por \u00faltimo, el bahiense Laureano Gruat se ha establecido en la vanguardia del campeonato en la ROTAX 125cc. Senior con 52 unidades registrados en el arranque. Demostrando la interesante paridad reinante en esta divisional, Marcos Castro y el suarense Federico Schwindt comparten el segundo puesto de las posiciones con 33 puntos cada uno y a 19 del l\u00edder.<\/p>\n<p> Inform\u00f3: Prensa KDO<\/p>\n","protected":false},"excerpt":{"rendered":"<p>El Kart del Oeste Bonaerense encara la segunda fecha del Clausura en el Kart\u00f3dromo de Trenque Lauquen. La actividad comenzar\u00e1 el s\u00e1bado con tandas de pruebas y continuar\u00e1 el domingo con ensayos, clasificaciones y finales para todas las categor\u00edas, en un marco de gran inter\u00e9s y creciente competitividad. <\/p>\n","protected":false},"author":1,"featured_media":38633,"comment_status":"open","ping_status":"open","sticky":false,"template":"","format":"standard","meta":{"footnotes":""},"categories":[2039,2018],"tags":[1038],"class_list":["post-38632","post","type-post","status-publish","format-standard","has-post-thumbnail","hentry","category-breves","category-kdo","tag-kdo"],"_links":{"self":[{"href":"https:\/\/e-kart.com.ar\/index.php?rest_route=\/wp\/v2\/posts\/38632","targetHints":{"allow":["GET"]}}],"collection":[{"href":"https:\/\/e-kart.com.ar\/index.php?rest_route=\/wp\/v2\/posts"}],"about":[{"href":"https:\/\/e-kart.com.ar\/index.php?rest_route=\/wp\/v2\/types\/post"}],"author":[{"embeddable":true,"href":"https:\/\/e-kart.com.ar\/index.php?rest_route=\/wp\/v2\/users\/1"}],"replies":[{"embeddable":true,"href":"https:\/\/e-kart.com.ar\/index.php?rest_route=%2Fwp%2Fv2%2Fcomments&post=38632"}],"version-history":[{"count":0,"href":"https:\/\/e-kart.com.ar\/index.php?rest_route=\/wp\/v2\/posts\/38632\/revisions"}],"wp:featuredmedia":[{"embeddable":true,"href":"https:\/\/e-kart.com.ar\/index.php?rest_route=\/wp\/v2\/media\/38633"}],"wp:attachment":[{"href":"https:\/\/e-kart.com.ar\/index.php?rest_route=%2Fwp%2Fv2%2Fmedia&parent=38632"}],"wp:term":[{"taxonomy":"category","embeddable":true,"href":"https:\/\/e-kart.com.ar\/index.php?rest_route=%2Fwp%2Fv2%2Fcategories&post=38632"},{"taxonomy":"post_tag","embeddable":true,"href":"https:\/\/e-kart.com.ar\/index.php?rest_route=%2Fwp%2Fv2%2Ftags&post=38632"}],"curies":[{"name":"wp","href":"https:\/\/api.w.org\/{rel}","templated":true}]}}