{"id":35671,"date":"2024-07-29T00:00:00","date_gmt":"2024-07-29T03:00:00","guid":{"rendered":"https:\/\/e-kart.com.ar\/v3\/m-bertolaccini-argentino-dio-pelea-en-el-inicio-del-nacional\/"},"modified":"2026-01-02T22:46:30","modified_gmt":"2026-01-03T01:46:30","slug":"m-bertolaccini-argentino-dio-pelea-en-el-inicio-del-nacional","status":"publish","type":"post","link":"https:\/\/e-kart.com.ar\/?p=35671","title":{"rendered":"M.BERTOLACCINI &#8211; ARGENTINO: Dio pelea en el inicio del Nacional"},"content":{"rendered":"<p><strong>Mart\u00edn Bertolaccini fue de los m\u00e1s r\u00e1pido en el comienzo del \u2018Argentino de Karting\u2019. El piloto rafaelino fue uno de los animadores de la Sudam Junior en las mangas. Un inconveniente en la Final, lo priv\u00f3 de mantener su ritmo. Mantiene altas expectativas para la pr\u00f3xima del certamen nacional.<\/strong><\/p>\n<p><img decoding=\"async\" src=\"https:\/\/www.e-kartvirtualpress.com.ar\/mbertolaccini\/mbertolaccini_240728arg.jpg\" class=\"encuadre-fotos\"><\/p>\n<p><strong>CABA.<\/strong> El \u00faltimo fin de semana, el Coliseo porte\u00f1o en su variante N\u00b01, fue el escenario de la fecha inaugural del Campeonato Argentino de Karting 2024 (CAK 2024). En ese escenario del certamen nacional, se destac\u00f3 Martin Bertolaccini. El volante de Rafaela compiti\u00f3 en la clase Sudam Junior, donde fue uno de los m\u00e1ximos animadores en pista, estableci\u00e9ndose desde el comienzo como uno de los candidatos al podio de la numerosa divisional.<\/p>\n<p>Mart\u00edn mostr\u00f3 una gran performance desde los entrenamientos previos, donde consigui\u00f3 marcar registros prometedores. En la clasificaci\u00f3n de la tarde del viernes, logr\u00f3 el 2\u00b0 mejor registro en la prueba cronometrada para asegurarse la primera fila de partida junto al poleman, separado de \u00e9l por una escasa diferencia de 81 mil\u00e9simas. En la jornada del s\u00e1bado, continuando con la actividad oficial, en la primera manga afront\u00f3 una desafiante partida desde la segunda colocaci\u00f3n, para quedarse finalmente con el P6. En la segunda, resign\u00f3 algunos lugares, cerrando la Manga 2, en el P8. En la Pre Final, con una firme puesta en marcha, se arrim\u00f3 a la disputa de los punteros, pero un incidente en las primeras vueltas de la competencia, lo priv\u00f3 de completar los giros restantes.<\/p>\n<p>Refiri\u00e9ndose a las primeras etapas del fin de semana junto al torneo nacional, relat\u00f3: <span class=dichos>\u201cTuvimos una muy buena clasificaci\u00f3n, quedamos 2\u00b0. En la primera manga quedamos 6\u00b0 y tuvimos muy buen rendimiento. En la segunda manga quedamos 8\u00b0 porque nos atrasamos en la largada. En la Pre Final tuvimos que abandonar por un toque. Estamos haciendo un esfuerzo muy grande. El jueves fue la primera vez que sub\u00ed a un \u201cSudam\u201d y estoy muy contento de como lo estoy manejando\u201d.<\/span><\/p>\n<p><img src=https:\/\/www.e-kartvirtualpress.com.ar\/mbertolaccini\/mbertolaccini_3_240728arg.jpg class=encuadre-fotos><\/p>\n<p><p>Con la Final de la Sudam Junior, Mart\u00edn puso cierre a esta primera cita por el certamen nacional. El piloto rafaelino comenz\u00f3 desde el P11 en la grilla de partida. Con una \u00f3ptima partida, r\u00e1pidamente se posicion\u00f3 en el sexteto de punta durante las primeras vueltas. Sin embargo, a medida que avanzaba la carrera, fue perdiendo ritmo lo que le impidi\u00f3 mantener su posici\u00f3n delantera. Finalmente, cruz\u00f3 la l\u00ednea de meta en el P11.<\/p>\n<p>En sus declaraciones sobre la instancia definitoria de la primera fecha en Buenos Aires, Mart\u00edn asegur\u00f3: <span class=dichos>\u201cTerminamos bastante bien. En la Final quedamos en P11. La temperatura del motor me hizo ir para atr\u00e1s vuelta a vuelta. Fue una situaci\u00f3n que podr\u00eda haber evitado, pero no la pude resolver en la carrera. Esperaba un poquito m\u00e1s en la Final. Ten\u00eda para estar m\u00e1s adelante, pero esta vez no se pudo\u201d.<\/span><\/p>\n<p>Y finalmente, complet\u00f3 expresando su gratitud: <span class=dichos>\u201cQuiero agradecer a mi pap\u00e1, a mi mam\u00e1, a Nati, a mis hermanas, a Juani, a Joaqu\u00edn, a Lucas, a Jimmy, a toda mi familia, al equipo Zaffaroni Kart Team, a Fabi\u00e1n y Alex Martinelli, a mis entrenadores Charlie Mellado y Joaqu\u00edn, a Sancor Seguros, a Banco Santa Fe y a todos los que me apoyan\u201d.<\/span><\/p>\n<p>Al concluir esta Fecha #1 del CAK 2024, Mart\u00edn Bertolaccini ha acumulado 18 puntos, ubic\u00e1ndose en el P12 de la clase Sudam Junior. La pr\u00f3xima competencia se desarrollar\u00e1 del 28 de noviembre al 1 de diciembre en el kart\u00f3dromo cordob\u00e9s de la ciudad de R\u00edo Cuarto, donde se dar\u00e1 por finalizada la temporada y se coronar\u00e1n a los campeones nacionales.<\/p>\n<p><img src=https:\/\/www.e-kartvirtualpress.com.ar\/mbertolaccini\/mbertolaccini_2_240728arg.jpg class=encuadre-fotos><\/p>\n<p><p>Inform\u00f3: E-Kart Virtual Press &#8211; www.e-kartvirtualpress.com.ar<\/p>\n","protected":false},"excerpt":{"rendered":"<p>Mart\u00edn Bertolaccini fue de los m\u00e1s r\u00e1pido en el comienzo del \u2018Argentino de Karting\u2019. El piloto rafaelino fue uno de los animadores de la Sudam Junior en las mangas. Un inconveniente en la Final, lo priv\u00f3 de mantener su ritmo. Mantiene altas expectativas para la pr\u00f3xima del certamen nacional.<\/p>\n","protected":false},"author":1,"featured_media":35672,"comment_status":"open","ping_status":"open","sticky":false,"template":"","format":"standard","meta":{"footnotes":""},"categories":[1948],"tags":[1209],"class_list":["post-35671","post","type-post","status-publish","format-standard","has-post-thumbnail","hentry","category-pilotos-ekvp","tag-m-bertolaccini-argentino"],"_links":{"self":[{"href":"https:\/\/e-kart.com.ar\/index.php?rest_route=\/wp\/v2\/posts\/35671","targetHints":{"allow":["GET"]}}],"collection":[{"href":"https:\/\/e-kart.com.ar\/index.php?rest_route=\/wp\/v2\/posts"}],"about":[{"href":"https:\/\/e-kart.com.ar\/index.php?rest_route=\/wp\/v2\/types\/post"}],"author":[{"embeddable":true,"href":"https:\/\/e-kart.com.ar\/index.php?rest_route=\/wp\/v2\/users\/1"}],"replies":[{"embeddable":true,"href":"https:\/\/e-kart.com.ar\/index.php?rest_route=%2Fwp%2Fv2%2Fcomments&post=35671"}],"version-history":[{"count":1,"href":"https:\/\/e-kart.com.ar\/index.php?rest_route=\/wp\/v2\/posts\/35671\/revisions"}],"predecessor-version":[{"id":40610,"href":"https:\/\/e-kart.com.ar\/index.php?rest_route=\/wp\/v2\/posts\/35671\/revisions\/40610"}],"wp:featuredmedia":[{"embeddable":true,"href":"https:\/\/e-kart.com.ar\/index.php?rest_route=\/wp\/v2\/media\/35672"}],"wp:attachment":[{"href":"https:\/\/e-kart.com.ar\/index.php?rest_route=%2Fwp%2Fv2%2Fmedia&parent=35671"}],"wp:term":[{"taxonomy":"category","embeddable":true,"href":"https:\/\/e-kart.com.ar\/index.php?rest_route=%2Fwp%2Fv2%2Fcategories&post=35671"},{"taxonomy":"post_tag","embeddable":true,"href":"https:\/\/e-kart.com.ar\/index.php?rest_route=%2Fwp%2Fv2%2Ftags&post=35671"}],"curies":[{"name":"wp","href":"https:\/\/api.w.org\/{rel}","templated":true}]}}